{"id":3222,"date":"2018-03-09T15:15:07","date_gmt":"2018-03-09T15:15:07","guid":{"rendered":"http:\/\/rivera.gub.uy\/social\/?p=3222"},"modified":"2018-03-09T15:15:07","modified_gmt":"2018-03-09T15:15:07","slug":"manana-sabado-es-dia-de-patinar-en-rivera","status":"publish","type":"post","link":"https:\/\/www.rivera.gub.uy\/social\/manana-sabado-es-dia-de-patinar-en-rivera\/","title":{"rendered":"Ma\u00f1ana s\u00e1bado es d\u00eda de patinar en Rivera!"},"content":{"rendered":"<div class=\"\">\n<div class=\"_1mf _1mj\">La Direcci\u00f3n General de Acci\u00f3n Social a trav\u00e9s de Divisi\u00f3n Deportes, informa los horarios de la segunda clase de la Escuela de Iniciaci\u00f3n al Pat\u00edn Art\u00edstico de ma\u00f1ana s\u00e1bado 10 de marzo en el Shopping Melancia.<\/div>\n<\/div>\n<div class=\"\">\n<div class=\"_1mf _1mj\"><span>Debido a una importante demanda de participantes, fuimos obligados a realizar modificaciones en los grupos y horarios de las clases.<\/span><\/div>\n<\/div>\n<div class=\"\">\n<div class=\"_1mf _1mj\"><span>&#8211; Categor\u00eda de ni\u00f1as\/os hasta 7 a\u00f1os:<\/span><\/div>\n<\/div>\n<div class=\"\">\n<div class=\"_1mf _1mj\"><span>De 10:00 a 11:00 horas \/ de 11:00 a 12:00 horas \/ de 17:00 a 18:00.<\/span><\/div>\n<\/div>\n<div class=\"\">\n<div class=\"_1mf _1mj\"><span>&#8211; Categor\u00eda de ni\u00f1as\/os de 8 a 11 a\u00f1os:<\/span><\/div>\n<\/div>\n<div class=\"\">\n<div class=\"_1mf _1mj\"><span>De 12:00 a 13:00 horas \/ de 14:00 a 15:00 horas \/ de 16:00 a 17:00 horas.<\/span><\/div>\n<\/div>\n<div class=\"\">\n<div class=\"_1mf _1mj\"><span>&#8211; Categor\u00edas de j\u00f3venes 12 a 15 a\u00f1os y mayores de 15 a\u00f1os:<\/span><\/div>\n<\/div>\n<div class=\"\">\n<div class=\"_1mf _1mj\"><span>De 15:00 a 16:00 horas.<\/span><\/div>\n<\/div>\n<div class=\"\">\n<div class=\"_1mf _1mj\"><span>Les recordamos que las clases tienen un costo de $ 200 y se realizar\u00e1n sistem\u00e1ticamente todos los d\u00edas s\u00e1bados hasta el mes de noviembre. <\/span><\/div>\n<\/div>\n<div class=\"\">\n<div class=\"_1mf _1mj\"><span>\u00a0<\/span><\/div>\n<\/div>\n<div class=\"\">\n<div class=\"_1mf _1mj\"><span>Por inscripciones podr\u00e1n hacerlo directamente ma\u00f1ana en el Melancia en los horarios de las clases.<\/span><\/div>\n<\/div>\n<div class=\"\">\n<div class=\"_1mf _1mj\"><span>Por mayor informaci\u00f3n comunicarse al 462 36289 (horario de oficina) o al celular 093 35 6684.<\/span><\/div>\n<\/div>\n<div><\/div>\n<div><\/div>\n<div><img loading=\"lazy\" decoding=\"async\" class=\"alignnone size-medium wp-image-3224\" src=\"http:\/\/rivera.gub.uy\/social\/wp-content\/uploads\/2018\/03\/28468054_10213084185517801_5054979747034049174_n-1-300x225.jpg\" alt=\"\" width=\"300\" height=\"225\" srcset=\"https:\/\/www.rivera.gub.uy\/social\/wp-content\/uploads\/2018\/03\/28468054_10213084185517801_5054979747034049174_n-1-300x225.jpg 300w, https:\/\/www.rivera.gub.uy\/social\/wp-content\/uploads\/2018\/03\/28468054_10213084185517801_5054979747034049174_n-1-768x576.jpg 768w, https:\/\/www.rivera.gub.uy\/social\/wp-content\/uploads\/2018\/03\/28468054_10213084185517801_5054979747034049174_n-1-820x615.jpg 820w, https:\/\/www.rivera.gub.uy\/social\/wp-content\/uploads\/2018\/03\/28468054_10213084185517801_5054979747034049174_n-1.jpg 960w\" sizes=\"(max-width: 300px) 100vw, 300px\" \/><\/div>\n","protected":false},"excerpt":{"rendered":"<p>La Direcci\u00f3n General de Acci\u00f3n Social a trav\u00e9s de Divisi\u00f3n Deportes, informa los horarios de la segunda clase de la Escuela de Iniciaci\u00f3n al Pat\u00edn Art\u00edstico de ma\u00f1ana s\u00e1bado 10 de marzo en el Shopping Melancia. Debido a una importante demanda de participantes, fuimos obligados a realizar modificaciones en los grupos y horarios de las [&hellip;]<\/p>\n","protected":false},"author":4,"featured_media":3223,"comment_status":"open","ping_status":"open","sticky":false,"template":"","format":"standard","meta":{"footnotes":""},"categories":[6,8,5,1,7,9],"tags":[],"_links":{"self":[{"href":"https:\/\/www.rivera.gub.uy\/social\/wp-json\/wp\/v2\/posts\/3222"}],"collection":[{"href":"https:\/\/www.rivera.gub.uy\/social\/wp-json\/wp\/v2\/posts"}],"about":[{"href":"https:\/\/www.rivera.gub.uy\/social\/wp-json\/wp\/v2\/types\/post"}],"author":[{"embeddable":true,"href":"https:\/\/www.rivera.gub.uy\/social\/wp-json\/wp\/v2\/users\/4"}],"replies":[{"embeddable":true,"href":"https:\/\/www.rivera.gub.uy\/social\/wp-json\/wp\/v2\/comments?post=3222"}],"version-history":[{"count":1,"href":"https:\/\/www.rivera.gub.uy\/social\/wp-json\/wp\/v2\/posts\/3222\/revisions"}],"predecessor-version":[{"id":3225,"href":"https:\/\/www.rivera.gub.uy\/social\/wp-json\/wp\/v2\/posts\/3222\/revisions\/3225"}],"wp:featuredmedia":[{"embeddable":true,"href":"https:\/\/www.rivera.gub.uy\/social\/wp-json\/wp\/v2\/media\/3223"}],"wp:attachment":[{"href":"https:\/\/www.rivera.gub.uy\/social\/wp-json\/wp\/v2\/media?parent=3222"}],"wp:term":[{"taxonomy":"category","embeddable":true,"href":"https:\/\/www.rivera.gub.uy\/social\/wp-json\/wp\/v2\/categories?post=3222"},{"taxonomy":"post_tag","embeddable":true,"href":"https:\/\/www.rivera.gub.uy\/social\/wp-json\/wp\/v2\/tags?post=3222"}],"curies":[{"name":"wp","href":"https:\/\/api.w.org\/{rel}","templated":true}]}}