{"id":3226,"date":"2018-03-13T12:53:33","date_gmt":"2018-03-13T12:53:33","guid":{"rendered":"http:\/\/rivera.gub.uy\/social\/?p=3226"},"modified":"2018-03-13T12:53:33","modified_gmt":"2018-03-13T12:53:33","slug":"comenzaron-las-clases-de-voley-en-el-pomoli","status":"publish","type":"post","link":"https:\/\/www.rivera.gub.uy\/social\/comenzaron-las-clases-de-voley-en-el-pomoli\/","title":{"rendered":"Comenzaron las clases de Voley en el Pomoli!!!"},"content":{"rendered":"<div class=\"\">\n<div class=\"_1mf _1mj\">Ayer retomamos a todo vapor una de las actividades sistem\u00e1ticas que m\u00e1s ha crecido en el \u00faltimo a\u00f1o, Voley!<\/div>\n<\/div>\n<div class=\"\">\n<div class=\"_1mf _1mj\"><span>\u00a0<\/span><\/div>\n<\/div>\n<div class=\"\">\n<div class=\"_1mf _1mj\"><span>Durante todo el 2017, se dictaron clases para adolescentes y adultos y se logr\u00f3 formar un grupo que represent\u00f3 al departamento en competencias nacionales. En los meses de noviembre y diciembre se realiz\u00f3 el primer torneo de Voley con mas de 40 participantes.<\/span><\/div>\n<\/div>\n<div class=\"\">\n<div class=\"_1mf _1mj\"><span>\u00a0<\/span><\/div>\n<\/div>\n<div class=\"\">\n<div class=\"_1mf _1mj\"><span>Las clases est\u00e1n a cargo del Lic. Marcelo Castillo y se dictan en el gimnasio del Liceo N\u00ba1 Dra. Celia Pomoli los d\u00edas lunes, mi\u00e9rcoles y viernes de 19:30 a 21:30, son GRATUITAS y dirigidas a adolescentes y adultos de ambos sexos.<\/span><\/div>\n<\/div>\n<div class=\"\">\n<div class=\"_1mf _1mj\"><span>Por inscripciones dirigirse directamente al local los d\u00edas y horarios de clases.<\/span><\/div>\n<\/div>\n","protected":false},"excerpt":{"rendered":"<p>Ayer retomamos a todo vapor una de las actividades sistem\u00e1ticas que m\u00e1s ha crecido en el \u00faltimo a\u00f1o, Voley! \u00a0 Durante todo el 2017, se dictaron clases para adolescentes y adultos y se logr\u00f3 formar un grupo que represent\u00f3 al departamento en competencias nacionales. En los meses de noviembre y diciembre se realiz\u00f3 el primer [&hellip;]<\/p>\n","protected":false},"author":4,"featured_media":3228,"comment_status":"open","ping_status":"open","sticky":false,"template":"","format":"standard","meta":{"footnotes":""},"categories":[1],"tags":[],"_links":{"self":[{"href":"https:\/\/www.rivera.gub.uy\/social\/wp-json\/wp\/v2\/posts\/3226"}],"collection":[{"href":"https:\/\/www.rivera.gub.uy\/social\/wp-json\/wp\/v2\/posts"}],"about":[{"href":"https:\/\/www.rivera.gub.uy\/social\/wp-json\/wp\/v2\/types\/post"}],"author":[{"embeddable":true,"href":"https:\/\/www.rivera.gub.uy\/social\/wp-json\/wp\/v2\/users\/4"}],"replies":[{"embeddable":true,"href":"https:\/\/www.rivera.gub.uy\/social\/wp-json\/wp\/v2\/comments?post=3226"}],"version-history":[{"count":1,"href":"https:\/\/www.rivera.gub.uy\/social\/wp-json\/wp\/v2\/posts\/3226\/revisions"}],"predecessor-version":[{"id":3229,"href":"https:\/\/www.rivera.gub.uy\/social\/wp-json\/wp\/v2\/posts\/3226\/revisions\/3229"}],"wp:featuredmedia":[{"embeddable":true,"href":"https:\/\/www.rivera.gub.uy\/social\/wp-json\/wp\/v2\/media\/3228"}],"wp:attachment":[{"href":"https:\/\/www.rivera.gub.uy\/social\/wp-json\/wp\/v2\/media?parent=3226"}],"wp:term":[{"taxonomy":"category","embeddable":true,"href":"https:\/\/www.rivera.gub.uy\/social\/wp-json\/wp\/v2\/categories?post=3226"},{"taxonomy":"post_tag","embeddable":true,"href":"https:\/\/www.rivera.gub.uy\/social\/wp-json\/wp\/v2\/tags?post=3226"}],"curies":[{"name":"wp","href":"https:\/\/api.w.org\/{rel}","templated":true}]}}