{"id":3230,"date":"2018-03-20T15:48:24","date_gmt":"2018-03-20T15:48:24","guid":{"rendered":"http:\/\/rivera.gub.uy\/social\/?p=3230"},"modified":"2018-03-20T15:48:24","modified_gmt":"2018-03-20T15:48:24","slug":"vi-feria-binacional-de-pascua-2","status":"publish","type":"post","link":"https:\/\/www.rivera.gub.uy\/social\/vi-feria-binacional-de-pascua-2\/","title":{"rendered":"VI Feria Binacional de Pascua"},"content":{"rendered":"<h2>El d\u00eda de hoy se realizo el VI Lanzamiento de la Feria Binacional de Pascua en el Restaurante La Perdiz del Shopping Si\u00f1eriz, junto a autoridades de Rivera y Sant&#8217;Ana\u00a0 do Livramento.<\/h2>\n<h4>\u00a0\u00a0<img loading=\"lazy\" decoding=\"async\" class=\"alignnone size-medium wp-image-3231\" src=\"http:\/\/rivera.gub.uy\/social\/wp-content\/uploads\/2018\/03\/IMG_1425-300x225.jpg\" alt=\"\" width=\"300\" height=\"225\" srcset=\"https:\/\/www.rivera.gub.uy\/social\/wp-content\/uploads\/2018\/03\/IMG_1425-300x225.jpg 300w, https:\/\/www.rivera.gub.uy\/social\/wp-content\/uploads\/2018\/03\/IMG_1425-768x576.jpg 768w, https:\/\/www.rivera.gub.uy\/social\/wp-content\/uploads\/2018\/03\/IMG_1425-1024x768.jpg 1024w, https:\/\/www.rivera.gub.uy\/social\/wp-content\/uploads\/2018\/03\/IMG_1425-820x615.jpg 820w\" sizes=\"(max-width: 300px) 100vw, 300px\" \/>\u00a0 \u00a0 \u00a0<img loading=\"lazy\" decoding=\"async\" class=\"alignnone size-medium wp-image-3236\" src=\"http:\/\/rivera.gub.uy\/social\/wp-content\/uploads\/2018\/03\/IMG_1421-225x300.jpg\" alt=\"\" width=\"225\" height=\"300\" srcset=\"https:\/\/www.rivera.gub.uy\/social\/wp-content\/uploads\/2018\/03\/IMG_1421-225x300.jpg 225w, https:\/\/www.rivera.gub.uy\/social\/wp-content\/uploads\/2018\/03\/IMG_1421-768x1024.jpg 768w, https:\/\/www.rivera.gub.uy\/social\/wp-content\/uploads\/2018\/03\/IMG_1421-820x1093.jpg 820w\" sizes=\"(max-width: 225px) 100vw, 225px\" \/><!--more--><\/h4>\n<h4><\/h4>\n<h4>Se realizara del 24 de marzo hasta el 1 de abril, con diferentes actividades en: Cerro Caqueiro, Cerro Lagunon, Shopping Si\u00f1eriz, Curticeiras, y Plazas: Internacional, Artigas, Flores y 18 de Julio, juegos para toda la familia con m\u00e1s de dos mil premios, actividades culturales y art\u00edsticas en donde se presentar\u00e1n Victor y Daniel, Duendes Azules, Que Maravilla, So Gaitaco, Bryan Alvez y Lucas Sugo entre otros. Tambi\u00e9n la tradicional semana de Vichadero del 24 al 31 de Marzo y el 1ro. de Abril, turismo Kids en Tranqueras. Mayor informaci\u00f3n Centro de Visitantes Parque Internacional de 08:30 a 19:30 todos los d\u00ecas, tel\u00e8fono: 462-53287<\/h4>\n","protected":false},"excerpt":{"rendered":"<p>El d\u00eda de hoy se realizo el VI Lanzamiento de la Feria Binacional de Pascua en el Restaurante La Perdiz del Shopping Si\u00f1eriz, junto a autoridades de Rivera y Sant&#8217;Ana\u00a0 do Livramento. \u00a0\u00a0\u00a0 \u00a0 \u00a0<\/p>\n","protected":false},"author":3,"featured_media":3232,"comment_status":"open","ping_status":"open","sticky":false,"template":"","format":"standard","meta":{"footnotes":""},"categories":[6,1,7,9],"tags":[156,154,155,132,157,152,158,159],"_links":{"self":[{"href":"https:\/\/www.rivera.gub.uy\/social\/wp-json\/wp\/v2\/posts\/3230"}],"collection":[{"href":"https:\/\/www.rivera.gub.uy\/social\/wp-json\/wp\/v2\/posts"}],"about":[{"href":"https:\/\/www.rivera.gub.uy\/social\/wp-json\/wp\/v2\/types\/post"}],"author":[{"embeddable":true,"href":"https:\/\/www.rivera.gub.uy\/social\/wp-json\/wp\/v2\/users\/3"}],"replies":[{"embeddable":true,"href":"https:\/\/www.rivera.gub.uy\/social\/wp-json\/wp\/v2\/comments?post=3230"}],"version-history":[{"count":7,"href":"https:\/\/www.rivera.gub.uy\/social\/wp-json\/wp\/v2\/posts\/3230\/revisions"}],"predecessor-version":[{"id":3240,"href":"https:\/\/www.rivera.gub.uy\/social\/wp-json\/wp\/v2\/posts\/3230\/revisions\/3240"}],"wp:featuredmedia":[{"embeddable":true,"href":"https:\/\/www.rivera.gub.uy\/social\/wp-json\/wp\/v2\/media\/3232"}],"wp:attachment":[{"href":"https:\/\/www.rivera.gub.uy\/social\/wp-json\/wp\/v2\/media?parent=3230"}],"wp:term":[{"taxonomy":"category","embeddable":true,"href":"https:\/\/www.rivera.gub.uy\/social\/wp-json\/wp\/v2\/categories?post=3230"},{"taxonomy":"post_tag","embeddable":true,"href":"https:\/\/www.rivera.gub.uy\/social\/wp-json\/wp\/v2\/tags?post=3230"}],"curies":[{"name":"wp","href":"https:\/\/api.w.org\/{rel}","templated":true}]}}