{"id":3241,"date":"2018-03-23T11:36:55","date_gmt":"2018-03-23T11:36:55","guid":{"rendered":"http:\/\/rivera.gub.uy\/social\/?p=3241"},"modified":"2018-03-23T11:46:30","modified_gmt":"2018-03-23T11:46:30","slug":"encuentro-de-ajedrez-ludico-en-plaza-artigas","status":"publish","type":"post","link":"https:\/\/www.rivera.gub.uy\/social\/encuentro-de-ajedrez-ludico-en-plaza-artigas\/","title":{"rendered":"Encuentro de Ajedrez L\u00fadico en Plaza Artigas.\u00a0"},"content":{"rendered":"<p>La Direcci\u00f3n General de Promoci\u00f3n y Acci\u00f3n Social a trav\u00e9s de Divisi\u00f3n Deportes invita al\u00a0Encuentro de Ajedrez L\u00fadico en Plaza Artigas. a realizare el d\u00eda 27 de marzo\u00a0 en Plaza Artigas de 16:00 a 18:00 horas.<br \/>\nLos Esperamos!<\/p>\n","protected":false},"excerpt":{"rendered":"<p>La Direcci\u00f3n General de Promoci\u00f3n y Acci\u00f3n Social a trav\u00e9s de Divisi\u00f3n Deportes invita al\u00a0Encuentro de Ajedrez L\u00fadico en Plaza Artigas. a realizare el d\u00eda 27 de marzo\u00a0 en Plaza Artigas de 16:00 a 18:00 horas. Los Esperamos!<\/p>\n","protected":false},"author":4,"featured_media":3242,"comment_status":"open","ping_status":"open","sticky":false,"template":"","format":"standard","meta":{"footnotes":""},"categories":[6,8,5,1,7,9],"tags":[],"_links":{"self":[{"href":"https:\/\/www.rivera.gub.uy\/social\/wp-json\/wp\/v2\/posts\/3241"}],"collection":[{"href":"https:\/\/www.rivera.gub.uy\/social\/wp-json\/wp\/v2\/posts"}],"about":[{"href":"https:\/\/www.rivera.gub.uy\/social\/wp-json\/wp\/v2\/types\/post"}],"author":[{"embeddable":true,"href":"https:\/\/www.rivera.gub.uy\/social\/wp-json\/wp\/v2\/users\/4"}],"replies":[{"embeddable":true,"href":"https:\/\/www.rivera.gub.uy\/social\/wp-json\/wp\/v2\/comments?post=3241"}],"version-history":[{"count":1,"href":"https:\/\/www.rivera.gub.uy\/social\/wp-json\/wp\/v2\/posts\/3241\/revisions"}],"predecessor-version":[{"id":3243,"href":"https:\/\/www.rivera.gub.uy\/social\/wp-json\/wp\/v2\/posts\/3241\/revisions\/3243"}],"wp:featuredmedia":[{"embeddable":true,"href":"https:\/\/www.rivera.gub.uy\/social\/wp-json\/wp\/v2\/media\/3242"}],"wp:attachment":[{"href":"https:\/\/www.rivera.gub.uy\/social\/wp-json\/wp\/v2\/media?parent=3241"}],"wp:term":[{"taxonomy":"category","embeddable":true,"href":"https:\/\/www.rivera.gub.uy\/social\/wp-json\/wp\/v2\/categories?post=3241"},{"taxonomy":"post_tag","embeddable":true,"href":"https:\/\/www.rivera.gub.uy\/social\/wp-json\/wp\/v2\/tags?post=3241"}],"curies":[{"name":"wp","href":"https:\/\/api.w.org\/{rel}","templated":true}]}}