{"id":3271,"date":"2018-04-02T18:25:53","date_gmt":"2018-04-02T18:25:53","guid":{"rendered":"http:\/\/rivera.gub.uy\/social\/?p=3271"},"modified":"2018-04-02T18:25:53","modified_gmt":"2018-04-02T18:25:53","slug":"vi-feria-binacional-de-pascua-3","status":"publish","type":"post","link":"https:\/\/www.rivera.gub.uy\/social\/vi-feria-binacional-de-pascua-3\/","title":{"rendered":"VI Feria Binacional de Pascua"},"content":{"rendered":"<p>En el marco del VI Feria Binacional de Pascua, a trav\u00e9s de Divisi\u00f3n <a href=\"http:\/\/rivera.gub.uy\/social\/turismo\/\">Turismo<\/a> el d\u00eda 26 de marzo, en la plaza flores se realizaron actividades recreativas para toda la familia con mas de 2000 premios, cerrando con artistas locales de primer nivel como Que Maravillia, Bryan Alvez y So Gaita\u00e7o.<\/p>\n<p>&nbsp;<\/p>\n<p><img loading=\"lazy\" decoding=\"async\" class=\"alignnone size-medium wp-image-3276\" src=\"http:\/\/rivera.gub.uy\/social\/wp-content\/uploads\/2018\/04\/432bfd9e-f0f6-4c4e-a10b-396bae4f7a5a-300x169.jpg\" alt=\"\" width=\"300\" height=\"169\" srcset=\"https:\/\/www.rivera.gub.uy\/social\/wp-content\/uploads\/2018\/04\/432bfd9e-f0f6-4c4e-a10b-396bae4f7a5a-300x169.jpg 300w, https:\/\/www.rivera.gub.uy\/social\/wp-content\/uploads\/2018\/04\/432bfd9e-f0f6-4c4e-a10b-396bae4f7a5a-768x432.jpg 768w, https:\/\/www.rivera.gub.uy\/social\/wp-content\/uploads\/2018\/04\/432bfd9e-f0f6-4c4e-a10b-396bae4f7a5a-1024x576.jpg 1024w, https:\/\/www.rivera.gub.uy\/social\/wp-content\/uploads\/2018\/04\/432bfd9e-f0f6-4c4e-a10b-396bae4f7a5a-820x461.jpg 820w, https:\/\/www.rivera.gub.uy\/social\/wp-content\/uploads\/2018\/04\/432bfd9e-f0f6-4c4e-a10b-396bae4f7a5a.jpg 1600w\" sizes=\"(max-width: 300px) 100vw, 300px\" \/>\u00a0 \u00a0 \u00a0 \u00a0\u00a0<img loading=\"lazy\" decoding=\"async\" class=\"alignnone size-medium wp-image-3273\" src=\"http:\/\/rivera.gub.uy\/social\/wp-content\/uploads\/2018\/04\/90e2992d-b05a-46e4-96a8-236bf6eb2aa7-300x169.jpg\" alt=\"\" width=\"300\" height=\"169\" srcset=\"https:\/\/www.rivera.gub.uy\/social\/wp-content\/uploads\/2018\/04\/90e2992d-b05a-46e4-96a8-236bf6eb2aa7-300x169.jpg 300w, https:\/\/www.rivera.gub.uy\/social\/wp-content\/uploads\/2018\/04\/90e2992d-b05a-46e4-96a8-236bf6eb2aa7-768x432.jpg 768w, https:\/\/www.rivera.gub.uy\/social\/wp-content\/uploads\/2018\/04\/90e2992d-b05a-46e4-96a8-236bf6eb2aa7-1024x576.jpg 1024w, https:\/\/www.rivera.gub.uy\/social\/wp-content\/uploads\/2018\/04\/90e2992d-b05a-46e4-96a8-236bf6eb2aa7-820x461.jpg 820w, https:\/\/www.rivera.gub.uy\/social\/wp-content\/uploads\/2018\/04\/90e2992d-b05a-46e4-96a8-236bf6eb2aa7.jpg 1600w\" sizes=\"(max-width: 300px) 100vw, 300px\" \/><\/p>\n","protected":false},"excerpt":{"rendered":"<p>En el marco del VI Feria Binacional de Pascua, a trav\u00e9s de Divisi\u00f3n Turismo el d\u00eda 26 de marzo, en la plaza flores se realizaron actividades recreativas para toda la familia con mas de 2000 premios, cerrando con artistas locales de primer nivel como Que Maravillia, Bryan Alvez y So Gaita\u00e7o. &nbsp; \u00a0 \u00a0 \u00a0 [&hellip;]<\/p>\n","protected":false},"author":3,"featured_media":3272,"comment_status":"open","ping_status":"open","sticky":false,"template":"","format":"standard","meta":{"footnotes":""},"categories":[6,8,5,1,7,9],"tags":[162,143,147,148,159],"_links":{"self":[{"href":"https:\/\/www.rivera.gub.uy\/social\/wp-json\/wp\/v2\/posts\/3271"}],"collection":[{"href":"https:\/\/www.rivera.gub.uy\/social\/wp-json\/wp\/v2\/posts"}],"about":[{"href":"https:\/\/www.rivera.gub.uy\/social\/wp-json\/wp\/v2\/types\/post"}],"author":[{"embeddable":true,"href":"https:\/\/www.rivera.gub.uy\/social\/wp-json\/wp\/v2\/users\/3"}],"replies":[{"embeddable":true,"href":"https:\/\/www.rivera.gub.uy\/social\/wp-json\/wp\/v2\/comments?post=3271"}],"version-history":[{"count":4,"href":"https:\/\/www.rivera.gub.uy\/social\/wp-json\/wp\/v2\/posts\/3271\/revisions"}],"predecessor-version":[{"id":3278,"href":"https:\/\/www.rivera.gub.uy\/social\/wp-json\/wp\/v2\/posts\/3271\/revisions\/3278"}],"wp:featuredmedia":[{"embeddable":true,"href":"https:\/\/www.rivera.gub.uy\/social\/wp-json\/wp\/v2\/media\/3272"}],"wp:attachment":[{"href":"https:\/\/www.rivera.gub.uy\/social\/wp-json\/wp\/v2\/media?parent=3271"}],"wp:term":[{"taxonomy":"category","embeddable":true,"href":"https:\/\/www.rivera.gub.uy\/social\/wp-json\/wp\/v2\/categories?post=3271"},{"taxonomy":"post_tag","embeddable":true,"href":"https:\/\/www.rivera.gub.uy\/social\/wp-json\/wp\/v2\/tags?post=3271"}],"curies":[{"name":"wp","href":"https:\/\/api.w.org\/{rel}","templated":true}]}}