{"id":3323,"date":"2018-04-13T12:07:58","date_gmt":"2018-04-13T12:07:58","guid":{"rendered":"http:\/\/rivera.gub.uy\/social\/?p=3323"},"modified":"2018-04-13T12:07:58","modified_gmt":"2018-04-13T12:07:58","slug":"lanzamiento-del-campeonato-anual-de-futbol-de-la-liga-de-barrios","status":"publish","type":"post","link":"https:\/\/www.rivera.gub.uy\/social\/lanzamiento-del-campeonato-anual-de-futbol-de-la-liga-de-barrios\/","title":{"rendered":"Lanzamiento del Campeonato Anual de F\u00fatbol de la Liga de Barrios."},"content":{"rendered":"<div class=\"\">\n<div class=\"_1mf _1mj\">La Direcci\u00f3n General de Promoci\u00f3n y Acci\u00f3n Social, a trav\u00e9s de Divisi\u00f3n Deportes invita al Lanzamiento del Campeonato Anual de F\u00fatbol de la Liga de Barrios a realizarse \u00e9ste s\u00e1bado 14 de abril, hora 11:00 en las instalaciones del Polideportivo Don Bosco.<\/div>\n<\/div>\n<div class=\"\">\n<div class=\"_1mf _1mj\"><span>Esperamos contar con la presencia de todos.<\/span><\/div>\n<\/div>\n","protected":false},"excerpt":{"rendered":"<p>La Direcci\u00f3n General de Promoci\u00f3n y Acci\u00f3n Social, a trav\u00e9s de Divisi\u00f3n Deportes invita al Lanzamiento del Campeonato Anual de F\u00fatbol de la Liga de Barrios a realizarse \u00e9ste s\u00e1bado 14 de abril, hora 11:00 en las instalaciones del Polideportivo Don Bosco. Esperamos contar con la presencia de todos.<\/p>\n","protected":false},"author":4,"featured_media":3324,"comment_status":"open","ping_status":"open","sticky":false,"template":"","format":"standard","meta":{"footnotes":""},"categories":[6,8,5,1,7,9],"tags":[],"_links":{"self":[{"href":"https:\/\/www.rivera.gub.uy\/social\/wp-json\/wp\/v2\/posts\/3323"}],"collection":[{"href":"https:\/\/www.rivera.gub.uy\/social\/wp-json\/wp\/v2\/posts"}],"about":[{"href":"https:\/\/www.rivera.gub.uy\/social\/wp-json\/wp\/v2\/types\/post"}],"author":[{"embeddable":true,"href":"https:\/\/www.rivera.gub.uy\/social\/wp-json\/wp\/v2\/users\/4"}],"replies":[{"embeddable":true,"href":"https:\/\/www.rivera.gub.uy\/social\/wp-json\/wp\/v2\/comments?post=3323"}],"version-history":[{"count":1,"href":"https:\/\/www.rivera.gub.uy\/social\/wp-json\/wp\/v2\/posts\/3323\/revisions"}],"predecessor-version":[{"id":3325,"href":"https:\/\/www.rivera.gub.uy\/social\/wp-json\/wp\/v2\/posts\/3323\/revisions\/3325"}],"wp:featuredmedia":[{"embeddable":true,"href":"https:\/\/www.rivera.gub.uy\/social\/wp-json\/wp\/v2\/media\/3324"}],"wp:attachment":[{"href":"https:\/\/www.rivera.gub.uy\/social\/wp-json\/wp\/v2\/media?parent=3323"}],"wp:term":[{"taxonomy":"category","embeddable":true,"href":"https:\/\/www.rivera.gub.uy\/social\/wp-json\/wp\/v2\/categories?post=3323"},{"taxonomy":"post_tag","embeddable":true,"href":"https:\/\/www.rivera.gub.uy\/social\/wp-json\/wp\/v2\/tags?post=3323"}],"curies":[{"name":"wp","href":"https:\/\/api.w.org\/{rel}","templated":true}]}}