{"id":3326,"date":"2018-04-16T16:14:21","date_gmt":"2018-04-16T16:14:21","guid":{"rendered":"http:\/\/rivera.gub.uy\/social\/?p=3326"},"modified":"2018-04-16T16:14:21","modified_gmt":"2018-04-16T16:14:21","slug":"comienza-el-ciclo-de-capacitaciones-de-division-deportes","status":"publish","type":"post","link":"https:\/\/www.rivera.gub.uy\/social\/comienza-el-ciclo-de-capacitaciones-de-division-deportes\/","title":{"rendered":"Comienza el ciclo de Capacitaciones de Divisi\u00f3n Deportes."},"content":{"rendered":"<div class=\"\">\n<div class=\"_1mf _1mj\">La Direcci\u00f3n General de Promoci\u00f3n y Acci\u00f3n Social, a trav\u00e9s de Divisi\u00f3n Deportes invita a participar del Curso Internacional de Gesti\u00f3n Creativa del Deporte Local a cargo del Prof. Sergio Naveros (Espa\u00f1a).<\/div>\n<\/div>\n<div class=\"\">\n<div class=\"_1mf _1mj\"><span>Una excelente oportunidad de profesionalizarse para la gesti\u00f3n en cualquier \u00e1mbito deportivo.<\/span><\/div>\n<\/div>\n<div class=\"\">\n<div class=\"_1mf _1mj\"><span>El mismo se realizar\u00e1 los d\u00edas 4 y 5 de mayo en la instalaciones de ACIR (Monse\u00f1or J. Vera 1119).<\/span><\/div>\n<\/div>\n<div class=\"\">\n<div class=\"_1mf _1mj\"><span>Horarios: <\/span><\/div>\n<\/div>\n<div class=\"\">\n<div class=\"_1mf _1mj\"><span>Viernes 4 de 18:00 a 22:00 horas<\/span><\/div>\n<\/div>\n<div class=\"\">\n<div class=\"_1mf _1mj\"><span>S\u00e1bado 5 de 09:00 a 12:00 y de 13:00 a 18:00 horas.<\/span><\/div>\n<\/div>\n<div class=\"\">\n<div class=\"_1mf _1mj\"><span>\u00a0<\/span><\/div>\n<\/div>\n<div class=\"\">\n<div class=\"_1mf _1mj\"><span>Inscripciones en Redepagos mencionando TuColecta.com \/ N\u00ba 341452 (Gesti\u00f3n Creativa del Deporte Local). Costo $ 500.<\/span><\/div>\n<\/div>\n<div class=\"\">\n<div class=\"_1mf _1mj\"><span>\u00a0<\/span><\/div>\n<\/div>\n<div class=\"\">\n<div class=\"_1mf _1mj\"><span>Apoya: Rivera Casino &amp; Resort &#8211; ACIR<\/span><\/div>\n<\/div>\n<div class=\"\">\n<div class=\"_1mf _1mj\"><span>Organiza y promociona: Divisi\u00f3n Deportes<\/span><\/div>\n<\/div>\n<div class=\"\">\n<div class=\"_1mf _1mj\"><span>\u00a0<\/span><\/div>\n<\/div>\n<div class=\"\">\n<div class=\"_1mf _1mj\"><span>Por mayor informaci\u00f3n y inscripciones, de lunes a viernes de 08:15 a 15:00 en las oficinas de Divisi\u00f3n Deportes (tribuna norte de Estadio Atilo Paiva Olivera)<\/span><\/div>\n<\/div>\n<div class=\"\">\n<div class=\"_1mf _1mj\"><span>Tel\u00e9fono 462 2 6289.<\/span><\/div>\n<\/div>\n","protected":false},"excerpt":{"rendered":"<p>La Direcci\u00f3n General de Promoci\u00f3n y Acci\u00f3n Social, a trav\u00e9s de Divisi\u00f3n Deportes invita a participar del Curso Internacional de Gesti\u00f3n Creativa del Deporte Local a cargo del Prof. Sergio Naveros (Espa\u00f1a). Una excelente oportunidad de profesionalizarse para la gesti\u00f3n en cualquier \u00e1mbito deportivo. El mismo se realizar\u00e1 los d\u00edas 4 y 5 de mayo [&hellip;]<\/p>\n","protected":false},"author":4,"featured_media":3327,"comment_status":"open","ping_status":"open","sticky":false,"template":"","format":"standard","meta":{"footnotes":""},"categories":[1],"tags":[],"_links":{"self":[{"href":"https:\/\/www.rivera.gub.uy\/social\/wp-json\/wp\/v2\/posts\/3326"}],"collection":[{"href":"https:\/\/www.rivera.gub.uy\/social\/wp-json\/wp\/v2\/posts"}],"about":[{"href":"https:\/\/www.rivera.gub.uy\/social\/wp-json\/wp\/v2\/types\/post"}],"author":[{"embeddable":true,"href":"https:\/\/www.rivera.gub.uy\/social\/wp-json\/wp\/v2\/users\/4"}],"replies":[{"embeddable":true,"href":"https:\/\/www.rivera.gub.uy\/social\/wp-json\/wp\/v2\/comments?post=3326"}],"version-history":[{"count":1,"href":"https:\/\/www.rivera.gub.uy\/social\/wp-json\/wp\/v2\/posts\/3326\/revisions"}],"predecessor-version":[{"id":3328,"href":"https:\/\/www.rivera.gub.uy\/social\/wp-json\/wp\/v2\/posts\/3326\/revisions\/3328"}],"wp:featuredmedia":[{"embeddable":true,"href":"https:\/\/www.rivera.gub.uy\/social\/wp-json\/wp\/v2\/media\/3327"}],"wp:attachment":[{"href":"https:\/\/www.rivera.gub.uy\/social\/wp-json\/wp\/v2\/media?parent=3326"}],"wp:term":[{"taxonomy":"category","embeddable":true,"href":"https:\/\/www.rivera.gub.uy\/social\/wp-json\/wp\/v2\/categories?post=3326"},{"taxonomy":"post_tag","embeddable":true,"href":"https:\/\/www.rivera.gub.uy\/social\/wp-json\/wp\/v2\/tags?post=3326"}],"curies":[{"name":"wp","href":"https:\/\/api.w.org\/{rel}","templated":true}]}}