{"id":3352,"date":"2018-04-17T13:15:56","date_gmt":"2018-04-17T13:15:56","guid":{"rendered":"http:\/\/rivera.gub.uy\/social\/?p=3352"},"modified":"2018-04-17T13:15:56","modified_gmt":"2018-04-17T13:15:56","slug":"lanzamiento-del-campeonato-de-futbol-infantil-de-la-liga-de-barrios","status":"publish","type":"post","link":"https:\/\/www.rivera.gub.uy\/social\/lanzamiento-del-campeonato-de-futbol-infantil-de-la-liga-de-barrios\/","title":{"rendered":"Lanzamiento del Campeonato de F\u00fatbol Infantil de la Liga de Barrios."},"content":{"rendered":"<div class=\"\">\n<div class=\"_1mf _1mj\">En la ma\u00f1ana del pasado s\u00e1bado 14 de abril, con el Polideportivo Don Bosco colmado de ni\u00f1os, ni\u00f1as, padres y vecinos, se realiz\u00f3 el lanzamiento del Campeonato Anual de F\u00fatbol Infantil de la Liga de Barrios.<\/div>\n<\/div>\n<div class=\"\">\n<div class=\"_1mf _1mj\"><span>En \u00e9sta edici\u00f3n participan 16 barrios con ni\u00f1os y ni\u00f1as que van desde los 6 hasta los 13 a\u00f1os. En su primera etapa jugar\u00e1 la categor\u00eda Sub 12, luego la Sub.14 y finalizando el campeonato con los mas chiquito de la categor\u00eda Sub 10.<\/span><\/div>\n<div>Agradecemos a la Comisi\u00f3n del Barrio Don Bosco por acompa\u00f1arnos una vez mas en otra fiesta del deporte para nuestros ni\u00f1os.<\/div>\n<\/div>\n<div><img loading=\"lazy\" decoding=\"async\" class=\"alignnone size-medium wp-image-3354\" src=\"http:\/\/rivera.gub.uy\/social\/wp-content\/uploads\/2018\/04\/30703838_1862796590438716_8794342372063313920_n-300x200.jpg\" alt=\"\" width=\"300\" height=\"200\" srcset=\"https:\/\/www.rivera.gub.uy\/social\/wp-content\/uploads\/2018\/04\/30703838_1862796590438716_8794342372063313920_n-300x200.jpg 300w, https:\/\/www.rivera.gub.uy\/social\/wp-content\/uploads\/2018\/04\/30703838_1862796590438716_8794342372063313920_n-768x513.jpg 768w, https:\/\/www.rivera.gub.uy\/social\/wp-content\/uploads\/2018\/04\/30703838_1862796590438716_8794342372063313920_n-600x400.jpg 600w, https:\/\/www.rivera.gub.uy\/social\/wp-content\/uploads\/2018\/04\/30703838_1862796590438716_8794342372063313920_n-820x548.jpg 820w, https:\/\/www.rivera.gub.uy\/social\/wp-content\/uploads\/2018\/04\/30703838_1862796590438716_8794342372063313920_n-272x182.jpg 272w, https:\/\/www.rivera.gub.uy\/social\/wp-content\/uploads\/2018\/04\/30703838_1862796590438716_8794342372063313920_n.jpg 960w\" sizes=\"(max-width: 300px) 100vw, 300px\" \/> <img loading=\"lazy\" decoding=\"async\" class=\"alignnone size-medium wp-image-3355\" src=\"http:\/\/rivera.gub.uy\/social\/wp-content\/uploads\/2018\/04\/30706576_1862796100438765_8529852513539588096_n-300x200.jpg\" alt=\"\" width=\"300\" height=\"200\" srcset=\"https:\/\/www.rivera.gub.uy\/social\/wp-content\/uploads\/2018\/04\/30706576_1862796100438765_8529852513539588096_n-300x200.jpg 300w, https:\/\/www.rivera.gub.uy\/social\/wp-content\/uploads\/2018\/04\/30706576_1862796100438765_8529852513539588096_n-768x513.jpg 768w, https:\/\/www.rivera.gub.uy\/social\/wp-content\/uploads\/2018\/04\/30706576_1862796100438765_8529852513539588096_n-600x400.jpg 600w, https:\/\/www.rivera.gub.uy\/social\/wp-content\/uploads\/2018\/04\/30706576_1862796100438765_8529852513539588096_n-820x548.jpg 820w, https:\/\/www.rivera.gub.uy\/social\/wp-content\/uploads\/2018\/04\/30706576_1862796100438765_8529852513539588096_n-272x182.jpg 272w, https:\/\/www.rivera.gub.uy\/social\/wp-content\/uploads\/2018\/04\/30706576_1862796100438765_8529852513539588096_n.jpg 960w\" sizes=\"(max-width: 300px) 100vw, 300px\" \/> <img loading=\"lazy\" decoding=\"async\" class=\"alignnone size-medium wp-image-3356\" src=\"http:\/\/rivera.gub.uy\/social\/wp-content\/uploads\/2018\/04\/30715703_1862795923772116_1362617261289897984_n-300x200.jpg\" alt=\"\" width=\"300\" height=\"200\" srcset=\"https:\/\/www.rivera.gub.uy\/social\/wp-content\/uploads\/2018\/04\/30715703_1862795923772116_1362617261289897984_n-300x200.jpg 300w, https:\/\/www.rivera.gub.uy\/social\/wp-content\/uploads\/2018\/04\/30715703_1862795923772116_1362617261289897984_n-768x513.jpg 768w, https:\/\/www.rivera.gub.uy\/social\/wp-content\/uploads\/2018\/04\/30715703_1862795923772116_1362617261289897984_n-600x400.jpg 600w, https:\/\/www.rivera.gub.uy\/social\/wp-content\/uploads\/2018\/04\/30715703_1862795923772116_1362617261289897984_n-820x548.jpg 820w, https:\/\/www.rivera.gub.uy\/social\/wp-content\/uploads\/2018\/04\/30715703_1862795923772116_1362617261289897984_n-272x182.jpg 272w, https:\/\/www.rivera.gub.uy\/social\/wp-content\/uploads\/2018\/04\/30715703_1862795923772116_1362617261289897984_n.jpg 960w\" sizes=\"(max-width: 300px) 100vw, 300px\" \/> <img loading=\"lazy\" decoding=\"async\" class=\"alignnone size-medium wp-image-3357\" src=\"http:\/\/rivera.gub.uy\/social\/wp-content\/uploads\/2018\/04\/30716390_1862796290438746_4803938787639951360_n-300x200.jpg\" alt=\"\" width=\"300\" height=\"200\" srcset=\"https:\/\/www.rivera.gub.uy\/social\/wp-content\/uploads\/2018\/04\/30716390_1862796290438746_4803938787639951360_n-300x200.jpg 300w, https:\/\/www.rivera.gub.uy\/social\/wp-content\/uploads\/2018\/04\/30716390_1862796290438746_4803938787639951360_n-768x513.jpg 768w, https:\/\/www.rivera.gub.uy\/social\/wp-content\/uploads\/2018\/04\/30716390_1862796290438746_4803938787639951360_n-600x400.jpg 600w, https:\/\/www.rivera.gub.uy\/social\/wp-content\/uploads\/2018\/04\/30716390_1862796290438746_4803938787639951360_n-820x548.jpg 820w, https:\/\/www.rivera.gub.uy\/social\/wp-content\/uploads\/2018\/04\/30716390_1862796290438746_4803938787639951360_n-272x182.jpg 272w, https:\/\/www.rivera.gub.uy\/social\/wp-content\/uploads\/2018\/04\/30716390_1862796290438746_4803938787639951360_n.jpg 960w\" sizes=\"(max-width: 300px) 100vw, 300px\" \/> <img loading=\"lazy\" decoding=\"async\" class=\"alignnone size-medium wp-image-3358\" src=\"http:\/\/rivera.gub.uy\/social\/wp-content\/uploads\/2018\/04\/30740790_1862796330438742_3075524551933689856_n-1-300x200.jpg\" alt=\"\" width=\"300\" height=\"200\" srcset=\"https:\/\/www.rivera.gub.uy\/social\/wp-content\/uploads\/2018\/04\/30740790_1862796330438742_3075524551933689856_n-1-300x200.jpg 300w, https:\/\/www.rivera.gub.uy\/social\/wp-content\/uploads\/2018\/04\/30740790_1862796330438742_3075524551933689856_n-1-768x513.jpg 768w, https:\/\/www.rivera.gub.uy\/social\/wp-content\/uploads\/2018\/04\/30740790_1862796330438742_3075524551933689856_n-1-600x400.jpg 600w, https:\/\/www.rivera.gub.uy\/social\/wp-content\/uploads\/2018\/04\/30740790_1862796330438742_3075524551933689856_n-1-820x548.jpg 820w, https:\/\/www.rivera.gub.uy\/social\/wp-content\/uploads\/2018\/04\/30740790_1862796330438742_3075524551933689856_n-1-272x182.jpg 272w, https:\/\/www.rivera.gub.uy\/social\/wp-content\/uploads\/2018\/04\/30740790_1862796330438742_3075524551933689856_n-1.jpg 960w\" sizes=\"(max-width: 300px) 100vw, 300px\" \/><\/div>\n","protected":false},"excerpt":{"rendered":"<p>En la ma\u00f1ana del pasado s\u00e1bado 14 de abril, con el Polideportivo Don Bosco colmado de ni\u00f1os, ni\u00f1as, padres y vecinos, se realiz\u00f3 el lanzamiento del Campeonato Anual de F\u00fatbol Infantil de la Liga de Barrios. En \u00e9sta edici\u00f3n participan 16 barrios con ni\u00f1os y ni\u00f1as que van desde los 6 hasta los 13 a\u00f1os. [&hellip;]<\/p>\n","protected":false},"author":4,"featured_media":3353,"comment_status":"open","ping_status":"open","sticky":false,"template":"","format":"standard","meta":{"footnotes":""},"categories":[6,8,5,1,7,9],"tags":[],"_links":{"self":[{"href":"https:\/\/www.rivera.gub.uy\/social\/wp-json\/wp\/v2\/posts\/3352"}],"collection":[{"href":"https:\/\/www.rivera.gub.uy\/social\/wp-json\/wp\/v2\/posts"}],"about":[{"href":"https:\/\/www.rivera.gub.uy\/social\/wp-json\/wp\/v2\/types\/post"}],"author":[{"embeddable":true,"href":"https:\/\/www.rivera.gub.uy\/social\/wp-json\/wp\/v2\/users\/4"}],"replies":[{"embeddable":true,"href":"https:\/\/www.rivera.gub.uy\/social\/wp-json\/wp\/v2\/comments?post=3352"}],"version-history":[{"count":1,"href":"https:\/\/www.rivera.gub.uy\/social\/wp-json\/wp\/v2\/posts\/3352\/revisions"}],"predecessor-version":[{"id":3359,"href":"https:\/\/www.rivera.gub.uy\/social\/wp-json\/wp\/v2\/posts\/3352\/revisions\/3359"}],"wp:featuredmedia":[{"embeddable":true,"href":"https:\/\/www.rivera.gub.uy\/social\/wp-json\/wp\/v2\/media\/3353"}],"wp:attachment":[{"href":"https:\/\/www.rivera.gub.uy\/social\/wp-json\/wp\/v2\/media?parent=3352"}],"wp:term":[{"taxonomy":"category","embeddable":true,"href":"https:\/\/www.rivera.gub.uy\/social\/wp-json\/wp\/v2\/categories?post=3352"},{"taxonomy":"post_tag","embeddable":true,"href":"https:\/\/www.rivera.gub.uy\/social\/wp-json\/wp\/v2\/tags?post=3352"}],"curies":[{"name":"wp","href":"https:\/\/api.w.org\/{rel}","templated":true}]}}