{"id":3360,"date":"2018-04-17T14:07:29","date_gmt":"2018-04-17T14:07:29","guid":{"rendered":"http:\/\/rivera.gub.uy\/social\/?p=3360"},"modified":"2018-04-17T14:07:29","modified_gmt":"2018-04-17T14:07:29","slug":"handball-el-orgullo-de-rivera","status":"publish","type":"post","link":"https:\/\/www.rivera.gub.uy\/social\/handball-el-orgullo-de-rivera\/","title":{"rendered":"HANDBALL, el orgullo de Rivera!"},"content":{"rendered":"<div class=\"\">\n<div class=\"_1mf _1mj\">Rivera sigue siendo la gran protagonista en las competencias nacionales.<\/div>\n<\/div>\n<div class=\"\">\n<div class=\"_1mf _1mj\"><span>El pasado fin de semana, en el Campeonato de Integraci\u00f3n de Handball, realizado en Tacuaremb\u00f3, Rivera (Cat. Sub. 19) qued\u00f3 como el mejor equipo del interior siendo vice campe\u00f3n ya que en la final fue derrotada 21 a 15 por el Colegio Alem\u00e1n (Montevideo) que es nada m\u00e1s y nada menos que el campe\u00f3n uruguayo.<\/span><\/div>\n<\/div>\n<div class=\"\">\n<div class=\"_1mf _1mj\"><span>Felicitaciones chiquilines! <\/span><\/div>\n<\/div>\n","protected":false},"excerpt":{"rendered":"<p>Rivera sigue siendo la gran protagonista en las competencias nacionales. El pasado fin de semana, en el Campeonato de Integraci\u00f3n de Handball, realizado en Tacuaremb\u00f3, Rivera (Cat. Sub. 19) qued\u00f3 como el mejor equipo del interior siendo vice campe\u00f3n ya que en la final fue derrotada 21 a 15 por el Colegio Alem\u00e1n (Montevideo) que [&hellip;]<\/p>\n","protected":false},"author":4,"featured_media":3361,"comment_status":"open","ping_status":"open","sticky":false,"template":"","format":"standard","meta":{"footnotes":""},"categories":[6,8,5,1,7,9],"tags":[],"_links":{"self":[{"href":"https:\/\/www.rivera.gub.uy\/social\/wp-json\/wp\/v2\/posts\/3360"}],"collection":[{"href":"https:\/\/www.rivera.gub.uy\/social\/wp-json\/wp\/v2\/posts"}],"about":[{"href":"https:\/\/www.rivera.gub.uy\/social\/wp-json\/wp\/v2\/types\/post"}],"author":[{"embeddable":true,"href":"https:\/\/www.rivera.gub.uy\/social\/wp-json\/wp\/v2\/users\/4"}],"replies":[{"embeddable":true,"href":"https:\/\/www.rivera.gub.uy\/social\/wp-json\/wp\/v2\/comments?post=3360"}],"version-history":[{"count":1,"href":"https:\/\/www.rivera.gub.uy\/social\/wp-json\/wp\/v2\/posts\/3360\/revisions"}],"predecessor-version":[{"id":3362,"href":"https:\/\/www.rivera.gub.uy\/social\/wp-json\/wp\/v2\/posts\/3360\/revisions\/3362"}],"wp:featuredmedia":[{"embeddable":true,"href":"https:\/\/www.rivera.gub.uy\/social\/wp-json\/wp\/v2\/media\/3361"}],"wp:attachment":[{"href":"https:\/\/www.rivera.gub.uy\/social\/wp-json\/wp\/v2\/media?parent=3360"}],"wp:term":[{"taxonomy":"category","embeddable":true,"href":"https:\/\/www.rivera.gub.uy\/social\/wp-json\/wp\/v2\/categories?post=3360"},{"taxonomy":"post_tag","embeddable":true,"href":"https:\/\/www.rivera.gub.uy\/social\/wp-json\/wp\/v2\/tags?post=3360"}],"curies":[{"name":"wp","href":"https:\/\/api.w.org\/{rel}","templated":true}]}}