{"id":3363,"date":"2018-04-17T14:49:31","date_gmt":"2018-04-17T14:49:31","guid":{"rendered":"http:\/\/rivera.gub.uy\/social\/?p=3363"},"modified":"2018-04-17T14:49:31","modified_gmt":"2018-04-17T14:49:31","slug":"resultados-de-la-2o-fecha-del-campeonato-de-futbol-infantil-de-la-liga-de-barrios","status":"publish","type":"post","link":"https:\/\/www.rivera.gub.uy\/social\/resultados-de-la-2o-fecha-del-campeonato-de-futbol-infantil-de-la-liga-de-barrios\/","title":{"rendered":"Resultados de la 2\u00ba Fecha del Campeonato de F\u00fatbol Infantil de la Liga de Barrios."},"content":{"rendered":"<p>La Direcci\u00f3n General de Promoci\u00f3n y Acci\u00f3n Social, a trav\u00e9s de Divisi\u00f3n Deportes, informa los resultados de la\u00a02\u00ba Fecha del Campeonato de F\u00fatbol Infantil de la Liga de Barrios (Cat.Sub 12) disputado el pasado s\u00e1bado 14 de abril en las instalaciones del Polideportivo Don Bosco.<\/p>\n<div class=\"\">\n<div>Rampla (2) Santa Isabel (3)<\/div>\n<div>Misiones (2) Selesiano (1)<\/div>\n<\/div>\n<div class=\"_1mf _1mj\"><\/div>\n<div>Tres Cruces (1) La Pedrera (1)<\/div>\n<div>Villa Sonia (2) Paso La Hormiga (0)<\/div>\n<div>Bisio (5) La Raca (3)<\/div>\n<div>Recreo (0) Saavedra (3)<\/div>\n<div>Don Bosco (3) La Arenera (0)<\/div>\n<div>Cerro del Estado (1) Santa Teresa (2)<\/div>\n<div><\/div>\n<div><img loading=\"lazy\" decoding=\"async\" class=\"alignnone size-medium wp-image-3365\" src=\"http:\/\/rivera.gub.uy\/social\/wp-content\/uploads\/2018\/04\/30707339_1862889680429407_1893106036571635712_n-1-300x200.jpg\" alt=\"\" width=\"300\" height=\"200\" srcset=\"https:\/\/www.rivera.gub.uy\/social\/wp-content\/uploads\/2018\/04\/30707339_1862889680429407_1893106036571635712_n-1-300x200.jpg 300w, https:\/\/www.rivera.gub.uy\/social\/wp-content\/uploads\/2018\/04\/30707339_1862889680429407_1893106036571635712_n-1-768x513.jpg 768w, https:\/\/www.rivera.gub.uy\/social\/wp-content\/uploads\/2018\/04\/30707339_1862889680429407_1893106036571635712_n-1-600x400.jpg 600w, https:\/\/www.rivera.gub.uy\/social\/wp-content\/uploads\/2018\/04\/30707339_1862889680429407_1893106036571635712_n-1-820x548.jpg 820w, https:\/\/www.rivera.gub.uy\/social\/wp-content\/uploads\/2018\/04\/30707339_1862889680429407_1893106036571635712_n-1-272x182.jpg 272w, https:\/\/www.rivera.gub.uy\/social\/wp-content\/uploads\/2018\/04\/30707339_1862889680429407_1893106036571635712_n-1.jpg 960w\" sizes=\"(max-width: 300px) 100vw, 300px\" \/> <img loading=\"lazy\" decoding=\"async\" class=\"alignnone size-medium wp-image-3366\" src=\"http:\/\/rivera.gub.uy\/social\/wp-content\/uploads\/2018\/04\/30716484_1862889537096088_4754143246047772672_n-300x200.jpg\" alt=\"\" width=\"300\" height=\"200\" srcset=\"https:\/\/www.rivera.gub.uy\/social\/wp-content\/uploads\/2018\/04\/30716484_1862889537096088_4754143246047772672_n-300x200.jpg 300w, https:\/\/www.rivera.gub.uy\/social\/wp-content\/uploads\/2018\/04\/30716484_1862889537096088_4754143246047772672_n-768x513.jpg 768w, https:\/\/www.rivera.gub.uy\/social\/wp-content\/uploads\/2018\/04\/30716484_1862889537096088_4754143246047772672_n-600x400.jpg 600w, https:\/\/www.rivera.gub.uy\/social\/wp-content\/uploads\/2018\/04\/30716484_1862889537096088_4754143246047772672_n-820x548.jpg 820w, https:\/\/www.rivera.gub.uy\/social\/wp-content\/uploads\/2018\/04\/30716484_1862889537096088_4754143246047772672_n-272x182.jpg 272w, https:\/\/www.rivera.gub.uy\/social\/wp-content\/uploads\/2018\/04\/30716484_1862889537096088_4754143246047772672_n.jpg 960w\" sizes=\"(max-width: 300px) 100vw, 300px\" \/> <img loading=\"lazy\" decoding=\"async\" class=\"alignnone size-medium wp-image-3367\" src=\"http:\/\/rivera.gub.uy\/social\/wp-content\/uploads\/2018\/04\/30726217_1862889413762767_1915737353125625856_n-300x200.jpg\" alt=\"\" width=\"300\" height=\"200\" srcset=\"https:\/\/www.rivera.gub.uy\/social\/wp-content\/uploads\/2018\/04\/30726217_1862889413762767_1915737353125625856_n-300x200.jpg 300w, https:\/\/www.rivera.gub.uy\/social\/wp-content\/uploads\/2018\/04\/30726217_1862889413762767_1915737353125625856_n-768x513.jpg 768w, https:\/\/www.rivera.gub.uy\/social\/wp-content\/uploads\/2018\/04\/30726217_1862889413762767_1915737353125625856_n-600x400.jpg 600w, https:\/\/www.rivera.gub.uy\/social\/wp-content\/uploads\/2018\/04\/30726217_1862889413762767_1915737353125625856_n-820x548.jpg 820w, https:\/\/www.rivera.gub.uy\/social\/wp-content\/uploads\/2018\/04\/30726217_1862889413762767_1915737353125625856_n-272x182.jpg 272w, https:\/\/www.rivera.gub.uy\/social\/wp-content\/uploads\/2018\/04\/30726217_1862889413762767_1915737353125625856_n.jpg 960w\" sizes=\"(max-width: 300px) 100vw, 300px\" \/><\/div>\n<div><\/div>\n<div class=\"\"><\/div>\n<div class=\"\">\n<div class=\"_1mf _1mj\"><\/div>\n<\/div>\n","protected":false},"excerpt":{"rendered":"<p>La Direcci\u00f3n General de Promoci\u00f3n y Acci\u00f3n Social, a trav\u00e9s de Divisi\u00f3n Deportes, informa los resultados de la\u00a02\u00ba Fecha del Campeonato de F\u00fatbol Infantil de la Liga de Barrios (Cat.Sub 12) disputado el pasado s\u00e1bado 14 de abril en las instalaciones del Polideportivo Don Bosco. Rampla (2) Santa Isabel (3) Misiones (2) Selesiano (1) Tres [&hellip;]<\/p>\n","protected":false},"author":4,"featured_media":3364,"comment_status":"open","ping_status":"open","sticky":false,"template":"","format":"standard","meta":{"footnotes":""},"categories":[6,8,5,1,7,9],"tags":[],"_links":{"self":[{"href":"https:\/\/www.rivera.gub.uy\/social\/wp-json\/wp\/v2\/posts\/3363"}],"collection":[{"href":"https:\/\/www.rivera.gub.uy\/social\/wp-json\/wp\/v2\/posts"}],"about":[{"href":"https:\/\/www.rivera.gub.uy\/social\/wp-json\/wp\/v2\/types\/post"}],"author":[{"embeddable":true,"href":"https:\/\/www.rivera.gub.uy\/social\/wp-json\/wp\/v2\/users\/4"}],"replies":[{"embeddable":true,"href":"https:\/\/www.rivera.gub.uy\/social\/wp-json\/wp\/v2\/comments?post=3363"}],"version-history":[{"count":1,"href":"https:\/\/www.rivera.gub.uy\/social\/wp-json\/wp\/v2\/posts\/3363\/revisions"}],"predecessor-version":[{"id":3368,"href":"https:\/\/www.rivera.gub.uy\/social\/wp-json\/wp\/v2\/posts\/3363\/revisions\/3368"}],"wp:featuredmedia":[{"embeddable":true,"href":"https:\/\/www.rivera.gub.uy\/social\/wp-json\/wp\/v2\/media\/3364"}],"wp:attachment":[{"href":"https:\/\/www.rivera.gub.uy\/social\/wp-json\/wp\/v2\/media?parent=3363"}],"wp:term":[{"taxonomy":"category","embeddable":true,"href":"https:\/\/www.rivera.gub.uy\/social\/wp-json\/wp\/v2\/categories?post=3363"},{"taxonomy":"post_tag","embeddable":true,"href":"https:\/\/www.rivera.gub.uy\/social\/wp-json\/wp\/v2\/tags?post=3363"}],"curies":[{"name":"wp","href":"https:\/\/api.w.org\/{rel}","templated":true}]}}