{"id":3369,"date":"2018-04-18T12:18:35","date_gmt":"2018-04-18T12:18:35","guid":{"rendered":"http:\/\/rivera.gub.uy\/social\/?p=3369"},"modified":"2018-04-18T12:18:35","modified_gmt":"2018-04-18T12:18:35","slug":"arlequines-rugby-club-noticias","status":"publish","type":"post","link":"https:\/\/www.rivera.gub.uy\/social\/arlequines-rugby-club-noticias\/","title":{"rendered":"Arlequines Rugby Club &#8211; NOTICIAS"},"content":{"rendered":"<p class=\"western\"><strong><span style=\"font-family: 'Arial Narrow', sans-serif\">ARC \u2013 MAYORES \u2013 \u201cCAMPEONATO DEL INTERIOR DE RUGBY \u2013 U.R.U.\u201d<\/span><\/strong><\/p>\n<p class=\"western\" align=\"justify\"><span style=\"font-family: 'Arial Narrow', sans-serif\">Arlequines Rugby Club disputo la primera fecha del Campeonato del Interior de Rugby el pasado domingo 8 de Abril del corriente, donde tuvo como rival al equipo de Vaimaca Rugby de la ciudad de Salto. El encuentro se disputo a la 15:30 horas en los Para\u00edsos, km 3 de la Ruta 27, en el marco de un buen n\u00famero de p\u00fablico que se hizo presenta para alentar al local. Sin lugar a dudas, era un partido importante del campeonato, ya que se tratan de 2 de los equipos que posiblemente est\u00e9n disputando las primeras colocaciones del torneo, era fundamental obtener la victoria para arrancar de la mejor manera la competencia. <\/span><span style=\"font-family: 'Arial Narrow', sans-serif\">En la previa para nuestro Club, caer en dicho encuentro significaba un golpe muy duro, el equipo salte\u00f1o fue uno de los tan solo 2 equipos que nos derrotaron en nuestra cancha el a\u00f1o pasado.<\/span><\/p>\n<p class=\"western\" align=\"justify\"><span style=\"font-family: 'Arial Narrow', sans-serif\">El plantel de Arlequines quedo conformado de la siguiente forma: 1- Maximiliano Werner, 2- Agust\u00edn Dutra, 3- Bruno Dutra, 4- Cristofer Soares, 5- Gianfranco Trindade, 6- Emiliano Olmos, 7- Gonzalo Hern\u00e1ndez, 8- Martin Barrios, 9- Santiago Ar\u00e9valo, 10- Roberto Dutrenit, 11- Ignacio Viera, 12- Conrado Rodr\u00edguez, 13- Juan Pi\u00f1eiro, 14- Santiago Goldaracena, 15- Carlos Gonz\u00e1lez, 16- Gabriel Ribeiro, 17- Marcos Dos Santos, 18- Luis Goncalvez, 19- Mario Bucheli, 20- Mario Olivelli, 21- Juan Vildozola, 22- Carlos Armand Ugon, 23- Sebasti\u00e1n Patr\u00f3n, 24- Rodrigo Ch\u00e1vez, 25- Eduardo Guarche, 26- Renzo Conti y 27- Manuel M\u00e1rquez.<\/span><\/p>\n<p class=\"western\" align=\"justify\"><span style=\"font-family: 'Arial Narrow', sans-serif\">Fue un encuentro muy parejo, donde el equipo riverense logro sacar diferencia en el segundo tiempo, obteniendo la victoria por un placar final de 29 a 23. Esta victoria lo coloco en el primer lugar del campeonato con 5 putos. Esta primera fecha adem\u00e1s conto con la sorpresa de la ca\u00edda de visitante del actual campe\u00f3n del interior, Indio de Mercedes fue derrotado por el equipo de La Olla de Florida. Todo indica que se viene un torneo muy duro y parejo, por lo que no podemos regalar nada.<\/span><\/p>\n<p class=\"western\" align=\"justify\"><span style=\"font-family: 'Arial Narrow', sans-serif\"><b>JUVENILES MENORES DE 18 \u2013 SELECCI\u00d3N DEL INTERIOR<\/b><\/span><\/p>\n<p class=\"western\" align=\"justify\"><span style=\"font-family: 'Arial Narrow', sans-serif\">Los j\u00f3venes del club contin\u00faan firmes en el seleccionado nacional del interior, los han vuelto a citar para participar en el entrenamiento que se llev\u00f3 a cabo el pasado s\u00e1bado 14 de Abril, en el Centro de Alto Rendimiento de Paysand\u00fa. Se trata de un proyecto promovido por la Uni\u00f3n de Rugby del Uruguay que busca desarrollar el rugby del interior y captar posible promesas, que puedan llegar a integrar el seleccionado nacional. Cuatro j\u00f3venes del club viene participando de dichos entrenamientos, ellos son: Federico Bottino, Federico Igarzabal, Agust\u00edn Beux y Lucas Mattos. <\/span><\/p>\n<p class=\"western\" align=\"justify\"><span style=\"font-family: 'Arial Narrow', sans-serif\"> El seleccionado nacional del interior se est\u00e1 preparando para disputar su primer partido, que est\u00e1 previsto para dentro de un mes pero un tienen rival a definir.<\/span><\/p>\n<p class=\"western\" align=\"justify\"><span style=\"font-family: 'Arial Narrow', sans-serif\"><b>PROYECTO RUGBY EN LAS ESCUELAS<\/b><\/span><\/p>\n<p class=\"western\" align=\"justify\"><span style=\"font-family: 'Arial Narrow', sans-serif\"> El martes 3 de Abril de este a\u00f1o, se puso en marcha un nuevo proyecto en el cual participa Arlequines Rugby Club en coordinaci\u00f3n con ANEP y con la Intendencia Departamental de Rivera, se trata de la realizaci\u00f3n de pr\u00e1cticas de rugby en algunas escuelas de la ciudad de Rivera. <\/span><\/p>\n<p class=\"western\" align=\"justify\"><span style=\"font-family: 'Arial Narrow', sans-serif\"> Dichas pr\u00e1cticas se llevan a cabo por jugadores del club de forma conjunta con los profesores de educaci\u00f3n, de cada instituci\u00f3n. El proyecto tiene como finalidad promover los valores del deporte en los j\u00f3venes, as\u00ed como difundir la disciplina y captar posibles jugadores para el club.<\/span><\/p>\n<p class=\"western\" align=\"justify\"><span style=\"font-family: 'Arial Narrow', sans-serif\"> Las escuelas seleccionadas para participar fueron las Escuelas: 8, 2, 9 y 120. La modalidad es realizar una pr\u00e1ctica mensual en cada escuela, todas las semanas se realiza una pr\u00e1ctica en una escuela diferente. El pr\u00f3ximo entrenamiento se llevara a cabo el pr\u00f3ximo mi\u00e9rcoles 18 en la Escuela n\u00famero 9.<\/span><\/p>\n<p align=\"justify\">\n<p align=\"justify\">\n<p align=\"justify\"><img loading=\"lazy\" decoding=\"async\" class=\"alignnone size-medium wp-image-3371\" src=\"http:\/\/rivera.gub.uy\/social\/wp-content\/uploads\/2018\/04\/2018-04-15-PHOTO-00000695-225x300.jpg\" alt=\"\" width=\"225\" height=\"300\" srcset=\"https:\/\/www.rivera.gub.uy\/social\/wp-content\/uploads\/2018\/04\/2018-04-15-PHOTO-00000695-225x300.jpg 225w, https:\/\/www.rivera.gub.uy\/social\/wp-content\/uploads\/2018\/04\/2018-04-15-PHOTO-00000695-768x1024.jpg 768w, https:\/\/www.rivera.gub.uy\/social\/wp-content\/uploads\/2018\/04\/2018-04-15-PHOTO-00000695-820x1093.jpg 820w, https:\/\/www.rivera.gub.uy\/social\/wp-content\/uploads\/2018\/04\/2018-04-15-PHOTO-00000695.jpg 1200w\" sizes=\"(max-width: 225px) 100vw, 225px\" \/> <img loading=\"lazy\" decoding=\"async\" class=\"alignnone size-medium wp-image-3372\" src=\"http:\/\/rivera.gub.uy\/social\/wp-content\/uploads\/2018\/04\/2018-04-15-PHOTO-00000696-225x300.jpg\" alt=\"\" width=\"225\" height=\"300\" srcset=\"https:\/\/www.rivera.gub.uy\/social\/wp-content\/uploads\/2018\/04\/2018-04-15-PHOTO-00000696-225x300.jpg 225w, https:\/\/www.rivera.gub.uy\/social\/wp-content\/uploads\/2018\/04\/2018-04-15-PHOTO-00000696-768x1024.jpg 768w, https:\/\/www.rivera.gub.uy\/social\/wp-content\/uploads\/2018\/04\/2018-04-15-PHOTO-00000696-820x1093.jpg 820w, https:\/\/www.rivera.gub.uy\/social\/wp-content\/uploads\/2018\/04\/2018-04-15-PHOTO-00000696.jpg 1200w\" sizes=\"(max-width: 225px) 100vw, 225px\" \/> <img loading=\"lazy\" decoding=\"async\" class=\"alignnone size-medium wp-image-3373\" src=\"http:\/\/rivera.gub.uy\/social\/wp-content\/uploads\/2018\/04\/2018-04-15-PHOTO-00000697-225x300.jpg\" alt=\"\" width=\"225\" height=\"300\" srcset=\"https:\/\/www.rivera.gub.uy\/social\/wp-content\/uploads\/2018\/04\/2018-04-15-PHOTO-00000697-225x300.jpg 225w, https:\/\/www.rivera.gub.uy\/social\/wp-content\/uploads\/2018\/04\/2018-04-15-PHOTO-00000697-768x1024.jpg 768w, https:\/\/www.rivera.gub.uy\/social\/wp-content\/uploads\/2018\/04\/2018-04-15-PHOTO-00000697-820x1093.jpg 820w, https:\/\/www.rivera.gub.uy\/social\/wp-content\/uploads\/2018\/04\/2018-04-15-PHOTO-00000697.jpg 1200w\" sizes=\"(max-width: 225px) 100vw, 225px\" \/> <img loading=\"lazy\" decoding=\"async\" class=\"alignnone size-medium wp-image-3374\" src=\"http:\/\/rivera.gub.uy\/social\/wp-content\/uploads\/2018\/04\/2018-04-15-PHOTO-00000698-225x300.jpg\" alt=\"\" width=\"225\" height=\"300\" srcset=\"https:\/\/www.rivera.gub.uy\/social\/wp-content\/uploads\/2018\/04\/2018-04-15-PHOTO-00000698-225x300.jpg 225w, https:\/\/www.rivera.gub.uy\/social\/wp-content\/uploads\/2018\/04\/2018-04-15-PHOTO-00000698-768x1024.jpg 768w, https:\/\/www.rivera.gub.uy\/social\/wp-content\/uploads\/2018\/04\/2018-04-15-PHOTO-00000698-820x1093.jpg 820w, https:\/\/www.rivera.gub.uy\/social\/wp-content\/uploads\/2018\/04\/2018-04-15-PHOTO-00000698.jpg 1200w\" sizes=\"(max-width: 225px) 100vw, 225px\" \/> <img loading=\"lazy\" decoding=\"async\" class=\"alignnone size-medium wp-image-3375\" src=\"http:\/\/rivera.gub.uy\/social\/wp-content\/uploads\/2018\/04\/2018-04-15-PHOTO-00000699-225x300.jpg\" alt=\"\" width=\"225\" height=\"300\" srcset=\"https:\/\/www.rivera.gub.uy\/social\/wp-content\/uploads\/2018\/04\/2018-04-15-PHOTO-00000699-225x300.jpg 225w, https:\/\/www.rivera.gub.uy\/social\/wp-content\/uploads\/2018\/04\/2018-04-15-PHOTO-00000699-768x1024.jpg 768w, https:\/\/www.rivera.gub.uy\/social\/wp-content\/uploads\/2018\/04\/2018-04-15-PHOTO-00000699-820x1093.jpg 820w, https:\/\/www.rivera.gub.uy\/social\/wp-content\/uploads\/2018\/04\/2018-04-15-PHOTO-00000699.jpg 1200w\" sizes=\"(max-width: 225px) 100vw, 225px\" \/> <img loading=\"lazy\" decoding=\"async\" class=\"alignnone size-medium wp-image-3376\" src=\"http:\/\/rivera.gub.uy\/social\/wp-content\/uploads\/2018\/04\/2018-04-15-PHOTO-00000700-300x225.jpg\" alt=\"\" width=\"300\" height=\"225\" srcset=\"https:\/\/www.rivera.gub.uy\/social\/wp-content\/uploads\/2018\/04\/2018-04-15-PHOTO-00000700-300x225.jpg 300w, https:\/\/www.rivera.gub.uy\/social\/wp-content\/uploads\/2018\/04\/2018-04-15-PHOTO-00000700-768x576.jpg 768w, https:\/\/www.rivera.gub.uy\/social\/wp-content\/uploads\/2018\/04\/2018-04-15-PHOTO-00000700-1024x768.jpg 1024w, https:\/\/www.rivera.gub.uy\/social\/wp-content\/uploads\/2018\/04\/2018-04-15-PHOTO-00000700-820x615.jpg 820w, https:\/\/www.rivera.gub.uy\/social\/wp-content\/uploads\/2018\/04\/2018-04-15-PHOTO-00000700.jpg 1600w\" sizes=\"(max-width: 300px) 100vw, 300px\" \/> <img loading=\"lazy\" decoding=\"async\" class=\"alignnone size-medium wp-image-3377\" src=\"http:\/\/rivera.gub.uy\/social\/wp-content\/uploads\/2018\/04\/2018-04-15-PHOTO-00000701-169x300.jpg\" alt=\"\" width=\"169\" height=\"300\" srcset=\"https:\/\/www.rivera.gub.uy\/social\/wp-content\/uploads\/2018\/04\/2018-04-15-PHOTO-00000701-169x300.jpg 169w, https:\/\/www.rivera.gub.uy\/social\/wp-content\/uploads\/2018\/04\/2018-04-15-PHOTO-00000701-768x1365.jpg 768w, https:\/\/www.rivera.gub.uy\/social\/wp-content\/uploads\/2018\/04\/2018-04-15-PHOTO-00000701-576x1024.jpg 576w, https:\/\/www.rivera.gub.uy\/social\/wp-content\/uploads\/2018\/04\/2018-04-15-PHOTO-00000701-820x1458.jpg 820w, https:\/\/www.rivera.gub.uy\/social\/wp-content\/uploads\/2018\/04\/2018-04-15-PHOTO-00000701.jpg 900w\" sizes=\"(max-width: 169px) 100vw, 169px\" \/> <img loading=\"lazy\" decoding=\"async\" class=\"alignnone size-medium wp-image-3378\" src=\"http:\/\/rivera.gub.uy\/social\/wp-content\/uploads\/2018\/04\/2018-04-15-PHOTO-00000702-169x300.jpg\" alt=\"\" width=\"169\" height=\"300\" srcset=\"https:\/\/www.rivera.gub.uy\/social\/wp-content\/uploads\/2018\/04\/2018-04-15-PHOTO-00000702-169x300.jpg 169w, https:\/\/www.rivera.gub.uy\/social\/wp-content\/uploads\/2018\/04\/2018-04-15-PHOTO-00000702-768x1365.jpg 768w, https:\/\/www.rivera.gub.uy\/social\/wp-content\/uploads\/2018\/04\/2018-04-15-PHOTO-00000702-576x1024.jpg 576w, https:\/\/www.rivera.gub.uy\/social\/wp-content\/uploads\/2018\/04\/2018-04-15-PHOTO-00000702-820x1458.jpg 820w, https:\/\/www.rivera.gub.uy\/social\/wp-content\/uploads\/2018\/04\/2018-04-15-PHOTO-00000702.jpg 900w\" sizes=\"(max-width: 169px) 100vw, 169px\" \/> <img loading=\"lazy\" decoding=\"async\" class=\"alignnone size-medium wp-image-3379\" src=\"http:\/\/rivera.gub.uy\/social\/wp-content\/uploads\/2018\/04\/2018-04-15-PHOTO-00000703-300x169.jpg\" alt=\"\" width=\"300\" height=\"169\" srcset=\"https:\/\/www.rivera.gub.uy\/social\/wp-content\/uploads\/2018\/04\/2018-04-15-PHOTO-00000703-300x169.jpg 300w, https:\/\/www.rivera.gub.uy\/social\/wp-content\/uploads\/2018\/04\/2018-04-15-PHOTO-00000703-768x432.jpg 768w, https:\/\/www.rivera.gub.uy\/social\/wp-content\/uploads\/2018\/04\/2018-04-15-PHOTO-00000703-1024x576.jpg 1024w, https:\/\/www.rivera.gub.uy\/social\/wp-content\/uploads\/2018\/04\/2018-04-15-PHOTO-00000703-820x461.jpg 820w, https:\/\/www.rivera.gub.uy\/social\/wp-content\/uploads\/2018\/04\/2018-04-15-PHOTO-00000703.jpg 1600w\" sizes=\"(max-width: 300px) 100vw, 300px\" \/><\/p>\n<p align=\"justify\">\n<p align=\"justify\">\n","protected":false},"excerpt":{"rendered":"<p>ARC \u2013 MAYORES \u2013 \u201cCAMPEONATO DEL INTERIOR DE RUGBY \u2013 U.R.U.\u201d Arlequines Rugby Club disputo la primera fecha del Campeonato del Interior de Rugby el pasado domingo 8 de Abril del corriente, donde tuvo como rival al equipo de Vaimaca Rugby de la ciudad de Salto. El encuentro se disputo a la 15:30 horas en [&hellip;]<\/p>\n","protected":false},"author":4,"featured_media":3370,"comment_status":"open","ping_status":"open","sticky":false,"template":"","format":"standard","meta":{"footnotes":""},"categories":[6,8,5,1,7,9],"tags":[],"_links":{"self":[{"href":"https:\/\/www.rivera.gub.uy\/social\/wp-json\/wp\/v2\/posts\/3369"}],"collection":[{"href":"https:\/\/www.rivera.gub.uy\/social\/wp-json\/wp\/v2\/posts"}],"about":[{"href":"https:\/\/www.rivera.gub.uy\/social\/wp-json\/wp\/v2\/types\/post"}],"author":[{"embeddable":true,"href":"https:\/\/www.rivera.gub.uy\/social\/wp-json\/wp\/v2\/users\/4"}],"replies":[{"embeddable":true,"href":"https:\/\/www.rivera.gub.uy\/social\/wp-json\/wp\/v2\/comments?post=3369"}],"version-history":[{"count":1,"href":"https:\/\/www.rivera.gub.uy\/social\/wp-json\/wp\/v2\/posts\/3369\/revisions"}],"predecessor-version":[{"id":3380,"href":"https:\/\/www.rivera.gub.uy\/social\/wp-json\/wp\/v2\/posts\/3369\/revisions\/3380"}],"wp:featuredmedia":[{"embeddable":true,"href":"https:\/\/www.rivera.gub.uy\/social\/wp-json\/wp\/v2\/media\/3370"}],"wp:attachment":[{"href":"https:\/\/www.rivera.gub.uy\/social\/wp-json\/wp\/v2\/media?parent=3369"}],"wp:term":[{"taxonomy":"category","embeddable":true,"href":"https:\/\/www.rivera.gub.uy\/social\/wp-json\/wp\/v2\/categories?post=3369"},{"taxonomy":"post_tag","embeddable":true,"href":"https:\/\/www.rivera.gub.uy\/social\/wp-json\/wp\/v2\/tags?post=3369"}],"curies":[{"name":"wp","href":"https:\/\/api.w.org\/{rel}","templated":true}]}}