{"id":3383,"date":"2018-04-25T15:25:13","date_gmt":"2018-04-25T15:25:13","guid":{"rendered":"http:\/\/rivera.gub.uy\/social\/?p=3383"},"modified":"2018-04-25T15:25:13","modified_gmt":"2018-04-25T15:25:13","slug":"lanzamiento-de-los-juegos-deportivos-nacionales","status":"publish","type":"post","link":"https:\/\/www.rivera.gub.uy\/social\/lanzamiento-de-los-juegos-deportivos-nacionales\/","title":{"rendered":"Lanzamiento de los Juegos Deportivos Nacionales"},"content":{"rendered":"<div class=\"\">\n<div class=\"_1mf _1mj\">La Direcci\u00f3n General de Promoci\u00f3n y Acci\u00f3n Social a trav\u00e9s de Divisi\u00f3n Deportes tiene el agrado de invitarlos al \u00abLanzamiento de los Juegos Deportivos Nacionales\u00bb a realizarse el d\u00eda 27 de abril hora 10:00 en las instalaciones de ACIR (Monse\u00f1or J. Vera 1119).<\/div>\n<\/div>\n<div class=\"\">\n<div class=\"_1mf _1mj\"><span>Como en las ediciones anteriores, nuestro departamento ser\u00e1 representado por centenas de j\u00f3venes de 12 a 19 a\u00f1os de las m\u00e1s diversas instituciones educativas p\u00fablicas y privadas compitiendo en las m\u00e1s variadas modalidades deportivas.<\/span><\/div>\n<\/div>\n<div class=\"\">\n<div class=\"_1mf _1mj\"><span>Los esperamos!<\/span><\/div>\n<\/div>\n","protected":false},"excerpt":{"rendered":"<p>La Direcci\u00f3n General de Promoci\u00f3n y Acci\u00f3n Social a trav\u00e9s de Divisi\u00f3n Deportes tiene el agrado de invitarlos al \u00abLanzamiento de los Juegos Deportivos Nacionales\u00bb a realizarse el d\u00eda 27 de abril hora 10:00 en las instalaciones de ACIR (Monse\u00f1or J. Vera 1119). Como en las ediciones anteriores, nuestro departamento ser\u00e1 representado por centenas de [&hellip;]<\/p>\n","protected":false},"author":4,"featured_media":3384,"comment_status":"open","ping_status":"open","sticky":false,"template":"","format":"standard","meta":{"footnotes":""},"categories":[6,8,5,1,7],"tags":[],"_links":{"self":[{"href":"https:\/\/www.rivera.gub.uy\/social\/wp-json\/wp\/v2\/posts\/3383"}],"collection":[{"href":"https:\/\/www.rivera.gub.uy\/social\/wp-json\/wp\/v2\/posts"}],"about":[{"href":"https:\/\/www.rivera.gub.uy\/social\/wp-json\/wp\/v2\/types\/post"}],"author":[{"embeddable":true,"href":"https:\/\/www.rivera.gub.uy\/social\/wp-json\/wp\/v2\/users\/4"}],"replies":[{"embeddable":true,"href":"https:\/\/www.rivera.gub.uy\/social\/wp-json\/wp\/v2\/comments?post=3383"}],"version-history":[{"count":1,"href":"https:\/\/www.rivera.gub.uy\/social\/wp-json\/wp\/v2\/posts\/3383\/revisions"}],"predecessor-version":[{"id":3385,"href":"https:\/\/www.rivera.gub.uy\/social\/wp-json\/wp\/v2\/posts\/3383\/revisions\/3385"}],"wp:featuredmedia":[{"embeddable":true,"href":"https:\/\/www.rivera.gub.uy\/social\/wp-json\/wp\/v2\/media\/3384"}],"wp:attachment":[{"href":"https:\/\/www.rivera.gub.uy\/social\/wp-json\/wp\/v2\/media?parent=3383"}],"wp:term":[{"taxonomy":"category","embeddable":true,"href":"https:\/\/www.rivera.gub.uy\/social\/wp-json\/wp\/v2\/categories?post=3383"},{"taxonomy":"post_tag","embeddable":true,"href":"https:\/\/www.rivera.gub.uy\/social\/wp-json\/wp\/v2\/tags?post=3383"}],"curies":[{"name":"wp","href":"https:\/\/api.w.org\/{rel}","templated":true}]}}