{"id":3572,"date":"2018-06-27T13:27:18","date_gmt":"2018-06-27T13:27:18","guid":{"rendered":"http:\/\/rivera.gub.uy\/social\/?p=3572"},"modified":"2018-06-27T13:27:18","modified_gmt":"2018-06-27T13:27:18","slug":"sabados-a-todo-patin-en-rivera","status":"publish","type":"post","link":"https:\/\/www.rivera.gub.uy\/social\/sabados-a-todo-patin-en-rivera\/","title":{"rendered":"S\u00e1bados a todo Pat\u00edn en Rivera!"},"content":{"rendered":"<div class=\"\">\n<div class=\"_1mf _1mj\">Contin\u00faan a todo vapor las clases de Pat\u00edn Art\u00edstico en el Shopping Melancia!<\/div>\n<\/div>\n<div class=\"\">\n<div class=\"_1mf _1mj\"><span>Ven\u00ed a formar parte de uno de nuestros grupos, las clases son dictadas por Docentes de la Federaci\u00f3n Uruguaya de Pat\u00edn y Hockey.<\/span><\/div>\n<\/div>\n<div class=\"\">\n<div class=\"_1mf _1mj\"><span>Todas las edades.<\/span><\/div>\n<\/div>\n<div class=\"\">\n<div class=\"_1mf _1mj\"><span>Por mayor informaci\u00f3n te esperamos en las instalaciones del Shopping Melancia los d\u00edas s\u00e1bados desde las 10:00 de la ma\u00f1ana o de lunes a viernes de 08:15 a 15:00 horas en las oficinas de Divisi\u00f3n Deportes.<\/span><\/div>\n<\/div>\n","protected":false},"excerpt":{"rendered":"<p>Contin\u00faan a todo vapor las clases de Pat\u00edn Art\u00edstico en el Shopping Melancia! Ven\u00ed a formar parte de uno de nuestros grupos, las clases son dictadas por Docentes de la Federaci\u00f3n Uruguaya de Pat\u00edn y Hockey. Todas las edades. Por mayor informaci\u00f3n te esperamos en las instalaciones del Shopping Melancia los d\u00edas s\u00e1bados desde las [&hellip;]<\/p>\n","protected":false},"author":4,"featured_media":3573,"comment_status":"open","ping_status":"open","sticky":false,"template":"","format":"standard","meta":{"footnotes":""},"categories":[6,8,5,1,7,9],"tags":[],"_links":{"self":[{"href":"https:\/\/www.rivera.gub.uy\/social\/wp-json\/wp\/v2\/posts\/3572"}],"collection":[{"href":"https:\/\/www.rivera.gub.uy\/social\/wp-json\/wp\/v2\/posts"}],"about":[{"href":"https:\/\/www.rivera.gub.uy\/social\/wp-json\/wp\/v2\/types\/post"}],"author":[{"embeddable":true,"href":"https:\/\/www.rivera.gub.uy\/social\/wp-json\/wp\/v2\/users\/4"}],"replies":[{"embeddable":true,"href":"https:\/\/www.rivera.gub.uy\/social\/wp-json\/wp\/v2\/comments?post=3572"}],"version-history":[{"count":1,"href":"https:\/\/www.rivera.gub.uy\/social\/wp-json\/wp\/v2\/posts\/3572\/revisions"}],"predecessor-version":[{"id":3574,"href":"https:\/\/www.rivera.gub.uy\/social\/wp-json\/wp\/v2\/posts\/3572\/revisions\/3574"}],"wp:featuredmedia":[{"embeddable":true,"href":"https:\/\/www.rivera.gub.uy\/social\/wp-json\/wp\/v2\/media\/3573"}],"wp:attachment":[{"href":"https:\/\/www.rivera.gub.uy\/social\/wp-json\/wp\/v2\/media?parent=3572"}],"wp:term":[{"taxonomy":"category","embeddable":true,"href":"https:\/\/www.rivera.gub.uy\/social\/wp-json\/wp\/v2\/categories?post=3572"},{"taxonomy":"post_tag","embeddable":true,"href":"https:\/\/www.rivera.gub.uy\/social\/wp-json\/wp\/v2\/tags?post=3572"}],"curies":[{"name":"wp","href":"https:\/\/api.w.org\/{rel}","templated":true}]}}