{"id":3614,"date":"2018-07-03T14:14:17","date_gmt":"2018-07-03T14:14:17","guid":{"rendered":"http:\/\/rivera.gub.uy\/social\/?p=3614"},"modified":"2018-07-03T14:51:02","modified_gmt":"2018-07-03T14:51:02","slug":"final-del-campeonato-de-futbol-infantil-de-barrios-categoria-sub-12","status":"publish","type":"post","link":"https:\/\/www.rivera.gub.uy\/social\/final-del-campeonato-de-futbol-infantil-de-barrios-categoria-sub-12\/","title":{"rendered":"Final del Campeonato de F\u00fatbol Infantil de Barrios Categor\u00eda Sub. 12"},"content":{"rendered":"<div class=\"\">\n<div class=\"_1mf _1mj\">La Direcci\u00f3n General de Promoci\u00f3n y Acci\u00f3n Social trav\u00e9s de la Divisi\u00f3n Deportes comunica e invita a la Etapa Final del Campeonato de F\u00fatbol Infantil de Barrios Categor\u00eda Sub. 12 a disputarse ma\u00f1ana mi\u00e9rcoles 4 de julio en el Complejo Polideportivo Don Bosco.<\/div>\n<\/div>\n<div class=\"\">\n<div class=\"_1mf _1mj\"><\/div>\n<\/div>\n<div class=\"\">\n<div class=\"_1mf _1mj\">13.30 Hs.<\/div>\n<\/div>\n<div class=\"\">\n<div class=\"_1mf _1mj\">Recreo x Salesiano<\/div>\n<\/div>\n<div class=\"\">\n<div class=\"_1mf _1mj\">La Raca x Saavedra<\/div>\n<\/div>\n<div class=\"\">\n<div class=\"_1mf _1mj\"><\/div>\n<\/div>\n<div class=\"\">\n<div class=\"_1mf _1mj\">14.30 Hs. Cerro del Estado x Don Bosco(3er. puesto)<\/div>\n<\/div>\n<div class=\"\">\n<div class=\"_1mf _1mj\">Misiones x Arenera<\/div>\n<\/div>\n<div class=\"\">\n<div class=\"_1mf _1mj\"><\/div>\n<\/div>\n<div class=\"\">\n<div class=\"_1mf _1mj\">15.30 Hs.<\/div>\n<\/div>\n<div class=\"\">\n<div class=\"_1mf _1mj\">La Pedrera x Villa Sonia (4to. puesto)<\/div>\n<\/div>\n<div class=\"\">\n<div class=\"_1mf _1mj\">Bisio x La Hormiga<\/div>\n<\/div>\n<div class=\"\">\n<div class=\"_1mf _1mj\"><\/div>\n<\/div>\n<div class=\"\">\n<div class=\"_1mf _1mj\">16.30 Hs. Tres Cruces x Rampla (2do puesto)<\/div>\n<\/div>\n<div class=\"\">\n<div class=\"_1mf _1mj\">Sta. Isabel x Sta. Teresa (final)<\/div>\n<\/div>\n<div class=\"\">\n<div class=\"_1mf _1mj\"><\/div>\n<\/div>\n<div class=\"\">\n<div class=\"_1mf _1mj\">17.30 Hs. Entrega de premios.<\/div>\n<\/div>\n","protected":false},"excerpt":{"rendered":"<p>La Direcci\u00f3n General de Promoci\u00f3n y Acci\u00f3n Social trav\u00e9s de la Divisi\u00f3n Deportes comunica e invita a la Etapa Final del Campeonato de F\u00fatbol Infantil de Barrios Categor\u00eda Sub. 12 a disputarse ma\u00f1ana mi\u00e9rcoles 4 de julio en el Complejo Polideportivo Don Bosco. 13.30 Hs. Recreo x Salesiano La Raca x Saavedra 14.30 Hs. Cerro [&hellip;]<\/p>\n","protected":false},"author":4,"featured_media":3615,"comment_status":"open","ping_status":"open","sticky":false,"template":"","format":"standard","meta":{"footnotes":""},"categories":[6,8,5,1,7,9],"tags":[],"_links":{"self":[{"href":"https:\/\/www.rivera.gub.uy\/social\/wp-json\/wp\/v2\/posts\/3614"}],"collection":[{"href":"https:\/\/www.rivera.gub.uy\/social\/wp-json\/wp\/v2\/posts"}],"about":[{"href":"https:\/\/www.rivera.gub.uy\/social\/wp-json\/wp\/v2\/types\/post"}],"author":[{"embeddable":true,"href":"https:\/\/www.rivera.gub.uy\/social\/wp-json\/wp\/v2\/users\/4"}],"replies":[{"embeddable":true,"href":"https:\/\/www.rivera.gub.uy\/social\/wp-json\/wp\/v2\/comments?post=3614"}],"version-history":[{"count":2,"href":"https:\/\/www.rivera.gub.uy\/social\/wp-json\/wp\/v2\/posts\/3614\/revisions"}],"predecessor-version":[{"id":3617,"href":"https:\/\/www.rivera.gub.uy\/social\/wp-json\/wp\/v2\/posts\/3614\/revisions\/3617"}],"wp:featuredmedia":[{"embeddable":true,"href":"https:\/\/www.rivera.gub.uy\/social\/wp-json\/wp\/v2\/media\/3615"}],"wp:attachment":[{"href":"https:\/\/www.rivera.gub.uy\/social\/wp-json\/wp\/v2\/media?parent=3614"}],"wp:term":[{"taxonomy":"category","embeddable":true,"href":"https:\/\/www.rivera.gub.uy\/social\/wp-json\/wp\/v2\/categories?post=3614"},{"taxonomy":"post_tag","embeddable":true,"href":"https:\/\/www.rivera.gub.uy\/social\/wp-json\/wp\/v2\/tags?post=3614"}],"curies":[{"name":"wp","href":"https:\/\/api.w.org\/{rel}","templated":true}]}}