{"id":3744,"date":"2018-07-20T17:04:26","date_gmt":"2018-07-20T17:04:26","guid":{"rendered":"http:\/\/rivera.gub.uy\/social\/?p=3744"},"modified":"2018-07-20T17:04:26","modified_gmt":"2018-07-20T17:04:26","slug":"tercer-reunion-region-norte","status":"publish","type":"post","link":"https:\/\/www.rivera.gub.uy\/social\/tercer-reunion-region-norte\/","title":{"rendered":"Tercer Reuni\u00f3n Regi\u00f3n Norte"},"content":{"rendered":"<h4>Hoy viernes 20 de julio, en el Museo de la Revoluci\u00f3n Industrial de la ciudad de Fray Bentos, se esta realizando la Tercer Reuni\u00f3n Abierta de Directores de Turismo a nivel Nacional organizada por el MINTUR. El Director de <a href=\"http:\/\/rivera.gub.uy\/social\/turismo\/\">Turismo<\/a> de <a href=\"http:\/\/rivera.gub.uy\/social\/\">Rivera<\/a> Carlos Martorell hizo presentaci\u00f3n sobre la Regi\u00f3n Norte.<\/h4>\n<h4>\u00a0<img loading=\"lazy\" decoding=\"async\" class=\"alignnone size-medium wp-image-3746\" src=\"http:\/\/rivera.gub.uy\/social\/wp-content\/uploads\/2018\/07\/d0b85ca0-aac8-4b8d-9eae-a5372ded99dd-300x169.jpg\" alt=\"\" width=\"300\" height=\"169\" srcset=\"https:\/\/www.rivera.gub.uy\/social\/wp-content\/uploads\/2018\/07\/d0b85ca0-aac8-4b8d-9eae-a5372ded99dd-300x169.jpg 300w, https:\/\/www.rivera.gub.uy\/social\/wp-content\/uploads\/2018\/07\/d0b85ca0-aac8-4b8d-9eae-a5372ded99dd-768x432.jpg 768w, https:\/\/www.rivera.gub.uy\/social\/wp-content\/uploads\/2018\/07\/d0b85ca0-aac8-4b8d-9eae-a5372ded99dd-1024x576.jpg 1024w, https:\/\/www.rivera.gub.uy\/social\/wp-content\/uploads\/2018\/07\/d0b85ca0-aac8-4b8d-9eae-a5372ded99dd-820x461.jpg 820w, https:\/\/www.rivera.gub.uy\/social\/wp-content\/uploads\/2018\/07\/d0b85ca0-aac8-4b8d-9eae-a5372ded99dd.jpg 1600w\" sizes=\"(max-width: 300px) 100vw, 300px\" \/><\/h4>\n","protected":false},"excerpt":{"rendered":"<p>Hoy viernes 20 de julio, en el Museo de la Revoluci\u00f3n Industrial de la ciudad de Fray Bentos, se esta realizando la Tercer Reuni\u00f3n Abierta de Directores de Turismo a nivel Nacional organizada por el MINTUR. El Director de Turismo de Rivera Carlos Martorell hizo presentaci\u00f3n sobre la Regi\u00f3n Norte. \u00a0<\/p>\n","protected":false},"author":3,"featured_media":3749,"comment_status":"open","ping_status":"open","sticky":false,"template":"","format":"standard","meta":{"footnotes":""},"categories":[8,1,7,9],"tags":[143,180,179,178,65,159],"_links":{"self":[{"href":"https:\/\/www.rivera.gub.uy\/social\/wp-json\/wp\/v2\/posts\/3744"}],"collection":[{"href":"https:\/\/www.rivera.gub.uy\/social\/wp-json\/wp\/v2\/posts"}],"about":[{"href":"https:\/\/www.rivera.gub.uy\/social\/wp-json\/wp\/v2\/types\/post"}],"author":[{"embeddable":true,"href":"https:\/\/www.rivera.gub.uy\/social\/wp-json\/wp\/v2\/users\/3"}],"replies":[{"embeddable":true,"href":"https:\/\/www.rivera.gub.uy\/social\/wp-json\/wp\/v2\/comments?post=3744"}],"version-history":[{"count":5,"href":"https:\/\/www.rivera.gub.uy\/social\/wp-json\/wp\/v2\/posts\/3744\/revisions"}],"predecessor-version":[{"id":3751,"href":"https:\/\/www.rivera.gub.uy\/social\/wp-json\/wp\/v2\/posts\/3744\/revisions\/3751"}],"wp:featuredmedia":[{"embeddable":true,"href":"https:\/\/www.rivera.gub.uy\/social\/wp-json\/wp\/v2\/media\/3749"}],"wp:attachment":[{"href":"https:\/\/www.rivera.gub.uy\/social\/wp-json\/wp\/v2\/media?parent=3744"}],"wp:term":[{"taxonomy":"category","embeddable":true,"href":"https:\/\/www.rivera.gub.uy\/social\/wp-json\/wp\/v2\/categories?post=3744"},{"taxonomy":"post_tag","embeddable":true,"href":"https:\/\/www.rivera.gub.uy\/social\/wp-json\/wp\/v2\/tags?post=3744"}],"curies":[{"name":"wp","href":"https:\/\/api.w.org\/{rel}","templated":true}]}}