{"id":375,"date":"2017-08-16T13:42:33","date_gmt":"2017-08-16T13:42:33","guid":{"rendered":"http:\/\/rivera.gub.uy\/social\/?p=375"},"modified":"2017-08-18T12:51:17","modified_gmt":"2017-08-18T12:51:17","slug":"taller-de-alimentacion-saludable-para-todo-publico","status":"publish","type":"post","link":"https:\/\/www.rivera.gub.uy\/social\/taller-de-alimentacion-saludable-para-todo-publico\/","title":{"rendered":"Taller de Alimentaci\u00f3n Saludable para todo p\u00fablico"},"content":{"rendered":"<p>Dentro del Programa \u00abRivera Activa\u00bb llevado adelante por Divisi\u00f3n Deportes y COMERI, \u00e9ste viernes 18 de agosto, hora 08:30 en las instalaciones de Divisi\u00f3n Deportes, se brindar\u00e1 un\u00a0Taller de Alimentaci\u00f3n Saludable a cargo de las referentes Departamento de Alimentaci\u00f3n de COMERI,\u00a0Lic. en Nutrici\u00f3n Eliana Cardozo y \u00a0Lic. Gabriela Cabrera.<!--more--><\/p>\n<div>El mismo est\u00e1 \u00a0 dirigido a los participantes de los tres grupos de Rivera Activa y a todo p\u00fablico interesado en una alimentaci\u00f3n saludable.<\/div>\n<div>Ser\u00e1 un espacio abierto y GRATUITO para compartir conceptos sobre la nueva Gu\u00eda de Alimentaci\u00f3n Saludable para la poblaci\u00f3n, reflexionar juntos sobre la forma de alimentaci\u00f3n que tenemos y c\u00f3mo influye la misma en nuestra vida diaria.<\/div>\n<div><\/div>\n<h2><a href=\"http:\/\/rivera.gub.uy\/social\/wp-content\/uploads\/2017\/08\/IMG-20170816-WA0034.jpg\"><img loading=\"lazy\" decoding=\"async\" class=\"aligncenter wp-image-376 size-medium\" src=\"http:\/\/rivera.gub.uy\/social\/wp-content\/uploads\/2017\/08\/IMG-20170816-WA0034-212x300.jpg\" alt=\"\" width=\"212\" height=\"300\" srcset=\"https:\/\/www.rivera.gub.uy\/social\/wp-content\/uploads\/2017\/08\/IMG-20170816-WA0034-212x300.jpg 212w, https:\/\/www.rivera.gub.uy\/social\/wp-content\/uploads\/2017\/08\/IMG-20170816-WA0034-768x1086.jpg 768w, https:\/\/www.rivera.gub.uy\/social\/wp-content\/uploads\/2017\/08\/IMG-20170816-WA0034-724x1024.jpg 724w, https:\/\/www.rivera.gub.uy\/social\/wp-content\/uploads\/2017\/08\/IMG-20170816-WA0034-820x1160.jpg 820w, https:\/\/www.rivera.gub.uy\/social\/wp-content\/uploads\/2017\/08\/IMG-20170816-WA0034.jpg 1131w\" sizes=\"(max-width: 212px) 100vw, 212px\" \/><\/a><\/h2>\n","protected":false},"excerpt":{"rendered":"<p>Dentro del Programa \u00abRivera Activa\u00bb llevado adelante por Divisi\u00f3n Deportes y COMERI, \u00e9ste viernes 18 de agosto, hora 08:30 en las instalaciones de Divisi\u00f3n Deportes, se brindar\u00e1 un\u00a0Taller de Alimentaci\u00f3n Saludable a cargo de las referentes Departamento de Alimentaci\u00f3n de COMERI,\u00a0Lic. en Nutrici\u00f3n Eliana Cardozo y \u00a0Lic. Gabriela Cabrera.<\/p>\n","protected":false},"author":4,"featured_media":381,"comment_status":"open","ping_status":"open","sticky":false,"template":"","format":"standard","meta":{"footnotes":""},"categories":[5,1],"tags":[36,38,17,37,35],"_links":{"self":[{"href":"https:\/\/www.rivera.gub.uy\/social\/wp-json\/wp\/v2\/posts\/375"}],"collection":[{"href":"https:\/\/www.rivera.gub.uy\/social\/wp-json\/wp\/v2\/posts"}],"about":[{"href":"https:\/\/www.rivera.gub.uy\/social\/wp-json\/wp\/v2\/types\/post"}],"author":[{"embeddable":true,"href":"https:\/\/www.rivera.gub.uy\/social\/wp-json\/wp\/v2\/users\/4"}],"replies":[{"embeddable":true,"href":"https:\/\/www.rivera.gub.uy\/social\/wp-json\/wp\/v2\/comments?post=375"}],"version-history":[{"count":5,"href":"https:\/\/www.rivera.gub.uy\/social\/wp-json\/wp\/v2\/posts\/375\/revisions"}],"predecessor-version":[{"id":382,"href":"https:\/\/www.rivera.gub.uy\/social\/wp-json\/wp\/v2\/posts\/375\/revisions\/382"}],"wp:featuredmedia":[{"embeddable":true,"href":"https:\/\/www.rivera.gub.uy\/social\/wp-json\/wp\/v2\/media\/381"}],"wp:attachment":[{"href":"https:\/\/www.rivera.gub.uy\/social\/wp-json\/wp\/v2\/media?parent=375"}],"wp:term":[{"taxonomy":"category","embeddable":true,"href":"https:\/\/www.rivera.gub.uy\/social\/wp-json\/wp\/v2\/categories?post=375"},{"taxonomy":"post_tag","embeddable":true,"href":"https:\/\/www.rivera.gub.uy\/social\/wp-json\/wp\/v2\/tags?post=375"}],"curies":[{"name":"wp","href":"https:\/\/api.w.org\/{rel}","templated":true}]}}