{"id":3752,"date":"2018-07-23T14:10:09","date_gmt":"2018-07-23T14:10:09","guid":{"rendered":"http:\/\/rivera.gub.uy\/social\/?p=3752"},"modified":"2018-07-23T15:22:16","modified_gmt":"2018-07-23T15:22:16","slug":"se-disputo-unos-de-los-mayores-eventos-ciclisticos-de-ano-cuchilla-negra","status":"publish","type":"post","link":"https:\/\/www.rivera.gub.uy\/social\/se-disputo-unos-de-los-mayores-eventos-ciclisticos-de-ano-cuchilla-negra\/","title":{"rendered":"Se disput\u00f3 unos de los mayores eventos cicl\u00edsticos del a\u00f1o! \u00abCuchilla Negra\u00bb"},"content":{"rendered":"<div class=\"\"><\/div>\n<div class=\"\">\n<div class=\"_1mf _1mj\">\n<div class=\"\">\n<div class=\"_1mf _1mj\">Se disput\u00f3 unos de los mayores eventos cicl\u00edsticos del a\u00f1o!<\/div>\n<\/div>\n<div class=\"\">\n<div class=\"_1mf _1mj\">\u00abCuchilla Negra\u00bb<\/div>\n<\/div>\n<div class=\"\">\n<div class=\"_1mf _1mj\"><\/div>\n<\/div>\n<div class=\"\">\n<div class=\"_1mf _1mj\">Ayer domingo se disput\u00f3 en nuestra ciudad la prueba cicl\u00edstica de la 4ta. Etapa del Campeonato Fronter\u00f3n Internacional de Mountain Bike. \u00abCuchilla Negra\u00bb.<\/div>\n<\/div>\n<div class=\"\">\n<div class=\"_1mf _1mj\">Superando los 100 competidores de varios departamentos, del sur de Brasil y tambi\u00e9n del litoral de Argentina en las diferentes categor\u00edas de los recorridos 35 y 55 KM.<\/div>\n<\/div>\n<div class=\"\">\n<div class=\"_1mf _1mj\">Se vivieron momentos de mucha adrenalina, emoci\u00f3n y esp\u00edritu deportivo en un evento cicl\u00edstico con una organizaci\u00f3n y coordinaci\u00f3n impecable de \u00abRivera Bike\u00bb con el apoyo de LICIDERI, Regimiento de Caballer\u00eda N\u00ba3, Jefatura de Polic\u00eda de Rivera, Grupo de Motociclistas \u00abTrilleros Fora de Phonto, de la Direcci\u00f3n General de Tr\u00e1nsito y de Promoci\u00f3n y Acci\u00f3n Social a trav\u00e9s de Divisi\u00f3n Deportes.<\/div>\n<\/div>\n<div class=\"\">\n<div class=\"_1mf _1mj\"><\/div>\n<\/div>\n<div class=\"\">\n<div class=\"_1mf _1mj\">El 1\u00ba lugar de la clasificaci\u00f3n general masculina se la llev\u00f3 Elizando Fernandez mientras que en la general femenina la vencedora fue Maria Jose Duarte.<\/div>\n<\/div>\n<div class=\"\">\n<div class=\"_1mf _1mj\"><\/div>\n<\/div>\n<div class=\"\">\n<div class=\"_1mf _1mj\">Clasificaci\u00f3n General Masculina:<\/div>\n<\/div>\n<div class=\"\">\n<div class=\"_1mf _1mj\">1- Elizandro Fernandez,<\/div>\n<\/div>\n<div class=\"\">\n<div class=\"_1mf _1mj\">2- Jose Miraglia,<\/div>\n<\/div>\n<div class=\"\">\n<div class=\"_1mf _1mj\">3- Fabian Soarez,<\/div>\n<\/div>\n<div class=\"\">\n<div class=\"_1mf _1mj\">4- Gonzalo Requel,<\/div>\n<\/div>\n<div class=\"\">\n<div class=\"_1mf _1mj\">5- Carlos Romero<\/div>\n<\/div>\n<div class=\"\">\n<div class=\"_1mf _1mj\"><\/div>\n<\/div>\n<div class=\"\">\n<div class=\"_1mf _1mj\">Clasificaci\u00f3n General Femenina:<\/div>\n<\/div>\n<div class=\"\">\n<div class=\"_1mf _1mj\">1- Maria Jose Duarte,<\/div>\n<\/div>\n<div class=\"\">\n<div class=\"_1mf _1mj\">2- Morgana Ribeiro,<\/div>\n<\/div>\n<div class=\"\">\n<div class=\"_1mf _1mj\">3- Ana Machado, 4- Teresa Ferreira<\/div>\n<\/div>\n<\/div>\n<\/div>\n<div><\/div>\n<div>Rivera SE MUEVE!!!<\/div>\n<div><\/div>\n<div><img loading=\"lazy\" decoding=\"async\" class=\"alignnone size-medium wp-image-3755\" src=\"http:\/\/rivera.gub.uy\/social\/wp-content\/uploads\/2018\/07\/37641037_1990290534355987_723275645152395264_n-copia-300x200.jpg\" alt=\"\" width=\"300\" height=\"200\" srcset=\"https:\/\/www.rivera.gub.uy\/social\/wp-content\/uploads\/2018\/07\/37641037_1990290534355987_723275645152395264_n-copia-300x200.jpg 300w, https:\/\/www.rivera.gub.uy\/social\/wp-content\/uploads\/2018\/07\/37641037_1990290534355987_723275645152395264_n-copia-768x512.jpg 768w, https:\/\/www.rivera.gub.uy\/social\/wp-content\/uploads\/2018\/07\/37641037_1990290534355987_723275645152395264_n-copia-600x400.jpg 600w, https:\/\/www.rivera.gub.uy\/social\/wp-content\/uploads\/2018\/07\/37641037_1990290534355987_723275645152395264_n-copia-820x547.jpg 820w, https:\/\/www.rivera.gub.uy\/social\/wp-content\/uploads\/2018\/07\/37641037_1990290534355987_723275645152395264_n-copia-272x182.jpg 272w, https:\/\/www.rivera.gub.uy\/social\/wp-content\/uploads\/2018\/07\/37641037_1990290534355987_723275645152395264_n-copia.jpg 960w\" sizes=\"(max-width: 300px) 100vw, 300px\" \/> <img loading=\"lazy\" decoding=\"async\" class=\"alignnone size-medium wp-image-3756\" src=\"http:\/\/rivera.gub.uy\/social\/wp-content\/uploads\/2018\/07\/37678157_1990291661022541_3554075687864238080_n-copia-300x200.jpg\" alt=\"\" width=\"300\" height=\"200\" srcset=\"https:\/\/www.rivera.gub.uy\/social\/wp-content\/uploads\/2018\/07\/37678157_1990291661022541_3554075687864238080_n-copia-300x200.jpg 300w, https:\/\/www.rivera.gub.uy\/social\/wp-content\/uploads\/2018\/07\/37678157_1990291661022541_3554075687864238080_n-copia-768x512.jpg 768w, https:\/\/www.rivera.gub.uy\/social\/wp-content\/uploads\/2018\/07\/37678157_1990291661022541_3554075687864238080_n-copia-600x400.jpg 600w, https:\/\/www.rivera.gub.uy\/social\/wp-content\/uploads\/2018\/07\/37678157_1990291661022541_3554075687864238080_n-copia-820x547.jpg 820w, https:\/\/www.rivera.gub.uy\/social\/wp-content\/uploads\/2018\/07\/37678157_1990291661022541_3554075687864238080_n-copia-272x182.jpg 272w, https:\/\/www.rivera.gub.uy\/social\/wp-content\/uploads\/2018\/07\/37678157_1990291661022541_3554075687864238080_n-copia.jpg 960w\" sizes=\"(max-width: 300px) 100vw, 300px\" \/> <img loading=\"lazy\" decoding=\"async\" class=\"alignnone size-medium wp-image-3757\" src=\"http:\/\/rivera.gub.uy\/social\/wp-content\/uploads\/2018\/07\/37683834_1990290967689277_6757060953449168896_n-copia-300x200.jpg\" alt=\"\" width=\"300\" height=\"200\" srcset=\"https:\/\/www.rivera.gub.uy\/social\/wp-content\/uploads\/2018\/07\/37683834_1990290967689277_6757060953449168896_n-copia-300x200.jpg 300w, https:\/\/www.rivera.gub.uy\/social\/wp-content\/uploads\/2018\/07\/37683834_1990290967689277_6757060953449168896_n-copia-768x512.jpg 768w, https:\/\/www.rivera.gub.uy\/social\/wp-content\/uploads\/2018\/07\/37683834_1990290967689277_6757060953449168896_n-copia-600x400.jpg 600w, https:\/\/www.rivera.gub.uy\/social\/wp-content\/uploads\/2018\/07\/37683834_1990290967689277_6757060953449168896_n-copia-820x547.jpg 820w, https:\/\/www.rivera.gub.uy\/social\/wp-content\/uploads\/2018\/07\/37683834_1990290967689277_6757060953449168896_n-copia-272x182.jpg 272w, https:\/\/www.rivera.gub.uy\/social\/wp-content\/uploads\/2018\/07\/37683834_1990290967689277_6757060953449168896_n-copia.jpg 960w\" sizes=\"(max-width: 300px) 100vw, 300px\" \/> <img loading=\"lazy\" decoding=\"async\" class=\"alignnone size-medium wp-image-3758\" src=\"http:\/\/rivera.gub.uy\/social\/wp-content\/uploads\/2018\/07\/37684229_1990291887689185_1428901521633837056_n-copia-300x200.jpg\" alt=\"\" width=\"300\" height=\"200\" srcset=\"https:\/\/www.rivera.gub.uy\/social\/wp-content\/uploads\/2018\/07\/37684229_1990291887689185_1428901521633837056_n-copia-300x200.jpg 300w, https:\/\/www.rivera.gub.uy\/social\/wp-content\/uploads\/2018\/07\/37684229_1990291887689185_1428901521633837056_n-copia-768x512.jpg 768w, https:\/\/www.rivera.gub.uy\/social\/wp-content\/uploads\/2018\/07\/37684229_1990291887689185_1428901521633837056_n-copia-600x400.jpg 600w, https:\/\/www.rivera.gub.uy\/social\/wp-content\/uploads\/2018\/07\/37684229_1990291887689185_1428901521633837056_n-copia-820x547.jpg 820w, https:\/\/www.rivera.gub.uy\/social\/wp-content\/uploads\/2018\/07\/37684229_1990291887689185_1428901521633837056_n-copia-272x182.jpg 272w, https:\/\/www.rivera.gub.uy\/social\/wp-content\/uploads\/2018\/07\/37684229_1990291887689185_1428901521633837056_n-copia.jpg 960w\" sizes=\"(max-width: 300px) 100vw, 300px\" \/> <img loading=\"lazy\" decoding=\"async\" class=\"alignnone size-medium wp-image-3759\" src=\"http:\/\/rivera.gub.uy\/social\/wp-content\/uploads\/2018\/07\/37758481_1990290357689338_2472738935755767808_n-1-copia-300x200.jpg\" alt=\"\" width=\"300\" height=\"200\" srcset=\"https:\/\/www.rivera.gub.uy\/social\/wp-content\/uploads\/2018\/07\/37758481_1990290357689338_2472738935755767808_n-1-copia-300x200.jpg 300w, https:\/\/www.rivera.gub.uy\/social\/wp-content\/uploads\/2018\/07\/37758481_1990290357689338_2472738935755767808_n-1-copia-768x512.jpg 768w, https:\/\/www.rivera.gub.uy\/social\/wp-content\/uploads\/2018\/07\/37758481_1990290357689338_2472738935755767808_n-1-copia-600x400.jpg 600w, https:\/\/www.rivera.gub.uy\/social\/wp-content\/uploads\/2018\/07\/37758481_1990290357689338_2472738935755767808_n-1-copia-820x547.jpg 820w, https:\/\/www.rivera.gub.uy\/social\/wp-content\/uploads\/2018\/07\/37758481_1990290357689338_2472738935755767808_n-1-copia-272x182.jpg 272w, https:\/\/www.rivera.gub.uy\/social\/wp-content\/uploads\/2018\/07\/37758481_1990290357689338_2472738935755767808_n-1-copia.jpg 960w\" sizes=\"(max-width: 300px) 100vw, 300px\" \/> <img loading=\"lazy\" decoding=\"async\" class=\"alignnone size-medium wp-image-3760\" src=\"http:\/\/rivera.gub.uy\/social\/wp-content\/uploads\/2018\/07\/37791702_1990290884355952_7134413533080453120_n-copia-300x200.jpg\" alt=\"\" width=\"300\" height=\"200\" srcset=\"https:\/\/www.rivera.gub.uy\/social\/wp-content\/uploads\/2018\/07\/37791702_1990290884355952_7134413533080453120_n-copia-300x200.jpg 300w, https:\/\/www.rivera.gub.uy\/social\/wp-content\/uploads\/2018\/07\/37791702_1990290884355952_7134413533080453120_n-copia-768x512.jpg 768w, https:\/\/www.rivera.gub.uy\/social\/wp-content\/uploads\/2018\/07\/37791702_1990290884355952_7134413533080453120_n-copia-600x400.jpg 600w, https:\/\/www.rivera.gub.uy\/social\/wp-content\/uploads\/2018\/07\/37791702_1990290884355952_7134413533080453120_n-copia-820x547.jpg 820w, https:\/\/www.rivera.gub.uy\/social\/wp-content\/uploads\/2018\/07\/37791702_1990290884355952_7134413533080453120_n-copia-272x182.jpg 272w, https:\/\/www.rivera.gub.uy\/social\/wp-content\/uploads\/2018\/07\/37791702_1990290884355952_7134413533080453120_n-copia.jpg 960w\" sizes=\"(max-width: 300px) 100vw, 300px\" \/> <img loading=\"lazy\" decoding=\"async\" class=\"alignnone size-medium wp-image-3761\" src=\"http:\/\/rivera.gub.uy\/social\/wp-content\/uploads\/2018\/07\/37604990_233103617512494_2942609650723323904_n-copia-300x167.jpg\" alt=\"\" width=\"300\" height=\"167\" srcset=\"https:\/\/www.rivera.gub.uy\/social\/wp-content\/uploads\/2018\/07\/37604990_233103617512494_2942609650723323904_n-copia-300x167.jpg 300w, https:\/\/www.rivera.gub.uy\/social\/wp-content\/uploads\/2018\/07\/37604990_233103617512494_2942609650723323904_n-copia-768x426.jpg 768w, https:\/\/www.rivera.gub.uy\/social\/wp-content\/uploads\/2018\/07\/37604990_233103617512494_2942609650723323904_n-copia-820x455.jpg 820w, https:\/\/www.rivera.gub.uy\/social\/wp-content\/uploads\/2018\/07\/37604990_233103617512494_2942609650723323904_n-copia.jpg 960w\" sizes=\"(max-width: 300px) 100vw, 300px\" \/> <img loading=\"lazy\" decoding=\"async\" class=\"alignnone size-medium wp-image-3762\" src=\"http:\/\/rivera.gub.uy\/social\/wp-content\/uploads\/2018\/07\/37633038_2120717781533495_6622445176470110208_n-copia-2-300x225.jpg\" alt=\"\" width=\"300\" height=\"225\" srcset=\"https:\/\/www.rivera.gub.uy\/social\/wp-content\/uploads\/2018\/07\/37633038_2120717781533495_6622445176470110208_n-copia-2-300x225.jpg 300w, https:\/\/www.rivera.gub.uy\/social\/wp-content\/uploads\/2018\/07\/37633038_2120717781533495_6622445176470110208_n-copia-2-768x576.jpg 768w, https:\/\/www.rivera.gub.uy\/social\/wp-content\/uploads\/2018\/07\/37633038_2120717781533495_6622445176470110208_n-copia-2-820x615.jpg 820w, https:\/\/www.rivera.gub.uy\/social\/wp-content\/uploads\/2018\/07\/37633038_2120717781533495_6622445176470110208_n-copia-2.jpg 960w\" sizes=\"(max-width: 300px) 100vw, 300px\" \/><\/div>\n<div><\/div>\n<div><\/div>\n<div><\/div>\n","protected":false},"excerpt":{"rendered":"<p>Se disput\u00f3 unos de los mayores eventos cicl\u00edsticos del a\u00f1o! \u00abCuchilla Negra\u00bb Ayer domingo se disput\u00f3 en nuestra ciudad la prueba cicl\u00edstica de la 4ta. Etapa del Campeonato Fronter\u00f3n Internacional de Mountain Bike. \u00abCuchilla Negra\u00bb. Superando los 100 competidores de varios departamentos, del sur de Brasil y tambi\u00e9n del litoral de Argentina en las diferentes [&hellip;]<\/p>\n","protected":false},"author":4,"featured_media":3754,"comment_status":"open","ping_status":"open","sticky":false,"template":"","format":"standard","meta":{"footnotes":""},"categories":[6,8,5,1,7,9],"tags":[],"_links":{"self":[{"href":"https:\/\/www.rivera.gub.uy\/social\/wp-json\/wp\/v2\/posts\/3752"}],"collection":[{"href":"https:\/\/www.rivera.gub.uy\/social\/wp-json\/wp\/v2\/posts"}],"about":[{"href":"https:\/\/www.rivera.gub.uy\/social\/wp-json\/wp\/v2\/types\/post"}],"author":[{"embeddable":true,"href":"https:\/\/www.rivera.gub.uy\/social\/wp-json\/wp\/v2\/users\/4"}],"replies":[{"embeddable":true,"href":"https:\/\/www.rivera.gub.uy\/social\/wp-json\/wp\/v2\/comments?post=3752"}],"version-history":[{"count":3,"href":"https:\/\/www.rivera.gub.uy\/social\/wp-json\/wp\/v2\/posts\/3752\/revisions"}],"predecessor-version":[{"id":3765,"href":"https:\/\/www.rivera.gub.uy\/social\/wp-json\/wp\/v2\/posts\/3752\/revisions\/3765"}],"wp:featuredmedia":[{"embeddable":true,"href":"https:\/\/www.rivera.gub.uy\/social\/wp-json\/wp\/v2\/media\/3754"}],"wp:attachment":[{"href":"https:\/\/www.rivera.gub.uy\/social\/wp-json\/wp\/v2\/media?parent=3752"}],"wp:term":[{"taxonomy":"category","embeddable":true,"href":"https:\/\/www.rivera.gub.uy\/social\/wp-json\/wp\/v2\/categories?post=3752"},{"taxonomy":"post_tag","embeddable":true,"href":"https:\/\/www.rivera.gub.uy\/social\/wp-json\/wp\/v2\/tags?post=3752"}],"curies":[{"name":"wp","href":"https:\/\/api.w.org\/{rel}","templated":true}]}}