{"id":3771,"date":"2018-07-24T13:55:18","date_gmt":"2018-07-24T13:55:18","guid":{"rendered":"http:\/\/rivera.gub.uy\/social\/?p=3771"},"modified":"2018-07-24T14:41:30","modified_gmt":"2018-07-24T14:41:30","slug":"la-escuela-departamental-de-remo-recibe-nuevamente-al-tecnico-de-las-selecciones-nacionales-de-remo-ruben-scarpati","status":"publish","type":"post","link":"https:\/\/www.rivera.gub.uy\/social\/la-escuela-departamental-de-remo-recibe-nuevamente-al-tecnico-de-las-selecciones-nacionales-de-remo-ruben-scarpati\/","title":{"rendered":"La Escuela Departamental de Remo recibe nuevamente al T\u00e9cnico de las Selecciones Nacionales de Remo, Ruben Scarpati."},"content":{"rendered":"<div class=\"\">\n<div class=\"_1mf _1mj\">Rivera Rema avanza a todo vapor.<\/div>\n<\/div>\n<div class=\"\">\n<div class=\"_1mf _1mj\">El pr\u00f3ximo s\u00e1bado (28) desde primeras horas de la ma\u00f1ana visita nuevamente la Escuela Departamental de Remo Ruben Scarpati, T\u00e9cnico de las Selecciones Nacionales de Remo, con el objetivo de evaluar el avance del proyecto y de brindar m\u00e1s aportes t\u00e9cnicos para optimizar el desempe\u00f1o de nuestros chiquilines remeros.<\/div>\n<\/div>\n<div class=\"\">\n<div class=\"_1mf _1mj\">Les recordamos que el Proyecto Rivera Rema, viene de la mano de un convenio entre la IDR con la Federaci\u00f3n Uruguaya de Remo y CEIP (Consejo de Educaci\u00f3n Inicial Primaria) posibilitando la iniciaci\u00f3n al remo a ni\u00f1os y ni\u00f1as de la Escuela N\u00ba37 con clases sistem\u00e1ticas dictadas por docente de Divisi\u00f3n Deportes, Lic. Marcelo Castillo en el lago del Parque de Gran Breta\u00f1a durante todo el a\u00f1o electivo.<\/div>\n<\/div>\n<div class=\"\">\n<div class=\"_1mf _1mj\">La expectativa es de una jornada de confraternizaci\u00f3n y mucho aprendizaje donde tambi\u00e9n se certificar\u00e1n a los chiquilines por su excelente desempe\u00f1o.<\/div>\n<\/div>\n<div class=\"\">\n<div class=\"_1mf _1mj\"><\/div>\n<\/div>\n<div class=\"\">\n<div class=\"_1mf _1mj\">La invitaci\u00f3n es a todos!<\/div>\n<\/div>\n<div class=\"\">\n<div class=\"_1mf _1mj\">Prestigiemos y valoremos a cada unos de los alumnos por su esfuerzo en el aprendizaje de este nuevo deporte que lleg\u00f3 para quedarse.<\/div>\n<\/div>\n<div class=\"\">\n<div class=\"_1mf _1mj\"><\/div>\n<\/div>\n<div class=\"\">\n<div class=\"_1mf _1mj\">Rivera se mueve, tambi\u00e9n en el agua!<\/div>\n<\/div>\n<div><img loading=\"lazy\" decoding=\"async\" class=\"alignnone size-medium wp-image-3773\" src=\"http:\/\/rivera.gub.uy\/social\/wp-content\/uploads\/2018\/07\/22279592_10211940374003228_1501206171556764789_n-300x225.jpg\" alt=\"\" width=\"300\" height=\"225\" srcset=\"https:\/\/www.rivera.gub.uy\/social\/wp-content\/uploads\/2018\/07\/22279592_10211940374003228_1501206171556764789_n-300x225.jpg 300w, https:\/\/www.rivera.gub.uy\/social\/wp-content\/uploads\/2018\/07\/22279592_10211940374003228_1501206171556764789_n-768x576.jpg 768w, https:\/\/www.rivera.gub.uy\/social\/wp-content\/uploads\/2018\/07\/22279592_10211940374003228_1501206171556764789_n-820x615.jpg 820w, https:\/\/www.rivera.gub.uy\/social\/wp-content\/uploads\/2018\/07\/22279592_10211940374003228_1501206171556764789_n.jpg 960w\" sizes=\"(max-width: 300px) 100vw, 300px\" \/><\/div>\n<div class=\"\">\n<div class=\"_1mf _1mj\"><\/div>\n<\/div>\n","protected":false},"excerpt":{"rendered":"<p>Rivera Rema avanza a todo vapor. El pr\u00f3ximo s\u00e1bado (28) desde primeras horas de la ma\u00f1ana visita nuevamente la Escuela Departamental de Remo Ruben Scarpati, T\u00e9cnico de las Selecciones Nacionales de Remo, con el objetivo de evaluar el avance del proyecto y de brindar m\u00e1s aportes t\u00e9cnicos para optimizar el desempe\u00f1o de nuestros chiquilines remeros. [&hellip;]<\/p>\n","protected":false},"author":4,"featured_media":3772,"comment_status":"open","ping_status":"open","sticky":false,"template":"","format":"standard","meta":{"footnotes":""},"categories":[6,8,5,1,7,9],"tags":[],"_links":{"self":[{"href":"https:\/\/www.rivera.gub.uy\/social\/wp-json\/wp\/v2\/posts\/3771"}],"collection":[{"href":"https:\/\/www.rivera.gub.uy\/social\/wp-json\/wp\/v2\/posts"}],"about":[{"href":"https:\/\/www.rivera.gub.uy\/social\/wp-json\/wp\/v2\/types\/post"}],"author":[{"embeddable":true,"href":"https:\/\/www.rivera.gub.uy\/social\/wp-json\/wp\/v2\/users\/4"}],"replies":[{"embeddable":true,"href":"https:\/\/www.rivera.gub.uy\/social\/wp-json\/wp\/v2\/comments?post=3771"}],"version-history":[{"count":2,"href":"https:\/\/www.rivera.gub.uy\/social\/wp-json\/wp\/v2\/posts\/3771\/revisions"}],"predecessor-version":[{"id":3775,"href":"https:\/\/www.rivera.gub.uy\/social\/wp-json\/wp\/v2\/posts\/3771\/revisions\/3775"}],"wp:featuredmedia":[{"embeddable":true,"href":"https:\/\/www.rivera.gub.uy\/social\/wp-json\/wp\/v2\/media\/3772"}],"wp:attachment":[{"href":"https:\/\/www.rivera.gub.uy\/social\/wp-json\/wp\/v2\/media?parent=3771"}],"wp:term":[{"taxonomy":"category","embeddable":true,"href":"https:\/\/www.rivera.gub.uy\/social\/wp-json\/wp\/v2\/categories?post=3771"},{"taxonomy":"post_tag","embeddable":true,"href":"https:\/\/www.rivera.gub.uy\/social\/wp-json\/wp\/v2\/tags?post=3771"}],"curies":[{"name":"wp","href":"https:\/\/api.w.org\/{rel}","templated":true}]}}