{"id":3778,"date":"2018-07-26T15:45:55","date_gmt":"2018-07-26T15:45:55","guid":{"rendered":"http:\/\/rivera.gub.uy\/social\/?p=3778"},"modified":"2018-07-26T15:45:55","modified_gmt":"2018-07-26T15:45:55","slug":"carnaval-2019-2","status":"publish","type":"post","link":"https:\/\/www.rivera.gub.uy\/social\/carnaval-2019-2\/","title":{"rendered":"CARNAVAL 2019"},"content":{"rendered":"<h4>Hoy en el Sal\u00f3n Comunal de Pirineos, la Comisi\u00f3n de Carnaval se reuni\u00f3 con los Presidentes de las Comisiones Barriales (Si\u00f1eriz, Caqueiro, Pirineos, Magisterial y Misiones) junto a los Directores de <a href=\"http:\/\/rivera.gub.uy\/social\/turismo\/\">Turismo<\/a>, Carlos Martorell;\u00a0<a href=\"http:\/\/rivera.gub.uy\/social\/cultura\/\">Cultura,<\/a>\u00a0Alex Alvez y Relacionamiento\u00a0con la Comunidad, Bettina Carballo para continuar avanzando con las coordinaciones del Carnaval 2019.<\/h4>\n","protected":false},"excerpt":{"rendered":"<p>Hoy en el Sal\u00f3n Comunal de Pirineos, la Comisi\u00f3n de Carnaval se reuni\u00f3 con los Presidentes de las Comisiones Barriales (Si\u00f1eriz, Caqueiro, Pirineos, Magisterial y Misiones) junto a los Directores de Turismo, Carlos Martorell;\u00a0Cultura,\u00a0Alex Alvez y Relacionamiento\u00a0con la Comunidad, Bettina Carballo para continuar avanzando con las coordinaciones del Carnaval 2019.<\/p>\n","protected":false},"author":3,"featured_media":3779,"comment_status":"open","ping_status":"open","sticky":false,"template":"","format":"standard","meta":{"footnotes":""},"categories":[6,8,7,9],"tags":[181,175,143,177,39,58,17,159],"_links":{"self":[{"href":"https:\/\/www.rivera.gub.uy\/social\/wp-json\/wp\/v2\/posts\/3778"}],"collection":[{"href":"https:\/\/www.rivera.gub.uy\/social\/wp-json\/wp\/v2\/posts"}],"about":[{"href":"https:\/\/www.rivera.gub.uy\/social\/wp-json\/wp\/v2\/types\/post"}],"author":[{"embeddable":true,"href":"https:\/\/www.rivera.gub.uy\/social\/wp-json\/wp\/v2\/users\/3"}],"replies":[{"embeddable":true,"href":"https:\/\/www.rivera.gub.uy\/social\/wp-json\/wp\/v2\/comments?post=3778"}],"version-history":[{"count":3,"href":"https:\/\/www.rivera.gub.uy\/social\/wp-json\/wp\/v2\/posts\/3778\/revisions"}],"predecessor-version":[{"id":3782,"href":"https:\/\/www.rivera.gub.uy\/social\/wp-json\/wp\/v2\/posts\/3778\/revisions\/3782"}],"wp:featuredmedia":[{"embeddable":true,"href":"https:\/\/www.rivera.gub.uy\/social\/wp-json\/wp\/v2\/media\/3779"}],"wp:attachment":[{"href":"https:\/\/www.rivera.gub.uy\/social\/wp-json\/wp\/v2\/media?parent=3778"}],"wp:term":[{"taxonomy":"category","embeddable":true,"href":"https:\/\/www.rivera.gub.uy\/social\/wp-json\/wp\/v2\/categories?post=3778"},{"taxonomy":"post_tag","embeddable":true,"href":"https:\/\/www.rivera.gub.uy\/social\/wp-json\/wp\/v2\/tags?post=3778"}],"curies":[{"name":"wp","href":"https:\/\/api.w.org\/{rel}","templated":true}]}}