{"id":3791,"date":"2018-08-01T15:00:50","date_gmt":"2018-08-01T15:00:50","guid":{"rendered":"http:\/\/rivera.gub.uy\/social\/?p=3791"},"modified":"2018-08-01T15:00:50","modified_gmt":"2018-08-01T15:00:50","slug":"v-festival-binacional-de-enogastronomia","status":"publish","type":"post","link":"https:\/\/www.rivera.gub.uy\/social\/v-festival-binacional-de-enogastronomia\/","title":{"rendered":"V Festival Binacional de Enogastronom\u00eda"},"content":{"rendered":"<h4>El Director de<a href=\"http:\/\/rivera.gub.uy\/social\/turismo\/\"> Turismo<\/a> Lic. Carlos Martorell se reuni\u00f3 con la Sra. Jussara Dutra Coordinadora del Festival Binacional de Enogastronom\u00eda y Productos del Bioma Pampa,\u00a0 junto a los dem\u00e1s integrantes de la Comisi\u00f3n Organizadora, para proyectar la 5ta edici\u00f3n del Festival. El mismo se realizar\u00e1 del 06 al 18 de noviembre en Rivera, culminando con el tradicional almuerzo de integraci\u00f3n en el Parque Internacional.<\/h4>\n<h4><\/h4>\n","protected":false},"excerpt":{"rendered":"<p>El Director de Turismo Lic. Carlos Martorell se reuni\u00f3 con la Sra. Jussara Dutra Coordinadora del Festival Binacional de Enogastronom\u00eda y Productos del Bioma Pampa,\u00a0 junto a los dem\u00e1s integrantes de la Comisi\u00f3n Organizadora, para proyectar la 5ta edici\u00f3n del Festival. El mismo se realizar\u00e1 del 06 al 18 de noviembre en Rivera, culminando con [&hellip;]<\/p>\n","protected":false},"author":3,"featured_media":3792,"comment_status":"open","ping_status":"open","sticky":false,"template":"","format":"standard","meta":{"footnotes":""},"categories":[8,1,7,9],"tags":[143,184,183,182,186,113,17,159,185],"_links":{"self":[{"href":"https:\/\/www.rivera.gub.uy\/social\/wp-json\/wp\/v2\/posts\/3791"}],"collection":[{"href":"https:\/\/www.rivera.gub.uy\/social\/wp-json\/wp\/v2\/posts"}],"about":[{"href":"https:\/\/www.rivera.gub.uy\/social\/wp-json\/wp\/v2\/types\/post"}],"author":[{"embeddable":true,"href":"https:\/\/www.rivera.gub.uy\/social\/wp-json\/wp\/v2\/users\/3"}],"replies":[{"embeddable":true,"href":"https:\/\/www.rivera.gub.uy\/social\/wp-json\/wp\/v2\/comments?post=3791"}],"version-history":[{"count":3,"href":"https:\/\/www.rivera.gub.uy\/social\/wp-json\/wp\/v2\/posts\/3791\/revisions"}],"predecessor-version":[{"id":3797,"href":"https:\/\/www.rivera.gub.uy\/social\/wp-json\/wp\/v2\/posts\/3791\/revisions\/3797"}],"wp:featuredmedia":[{"embeddable":true,"href":"https:\/\/www.rivera.gub.uy\/social\/wp-json\/wp\/v2\/media\/3792"}],"wp:attachment":[{"href":"https:\/\/www.rivera.gub.uy\/social\/wp-json\/wp\/v2\/media?parent=3791"}],"wp:term":[{"taxonomy":"category","embeddable":true,"href":"https:\/\/www.rivera.gub.uy\/social\/wp-json\/wp\/v2\/categories?post=3791"},{"taxonomy":"post_tag","embeddable":true,"href":"https:\/\/www.rivera.gub.uy\/social\/wp-json\/wp\/v2\/tags?post=3791"}],"curies":[{"name":"wp","href":"https:\/\/api.w.org\/{rel}","templated":true}]}}