{"id":383,"date":"2017-08-18T13:43:00","date_gmt":"2017-08-18T13:43:00","guid":{"rendered":"http:\/\/rivera.gub.uy\/social\/?p=383"},"modified":"2017-08-21T12:53:26","modified_gmt":"2017-08-21T12:53:26","slug":"taller-de-alimentacion-saludable","status":"publish","type":"post","link":"https:\/\/www.rivera.gub.uy\/social\/taller-de-alimentacion-saludable\/","title":{"rendered":"Taller de Alimentaci\u00f3n Saludable"},"content":{"rendered":"<p>En la ma\u00f1ana de hoy, 18 de agosto, se realiz\u00f3 el 1er. Taller de Alimentaci\u00f3n Saludable dentro del Programa \u00abRivera Activa\u00bb llevado adelante por la Divisi\u00f3n Deportes y COMERI.<!--more--><\/p>\n<p>El mismo estuvo cargo de las referentes Departamento de Alimentaci\u00f3n de COMERI, Lic. en Nutrici\u00f3n Eliana Cardozo y Lic. Gabriela Cabrera y dirigido al grupo de la ma\u00f1ana de Rivera Activa, pero tambi\u00e9n a toda la poblaci\u00f3n interesada en una mejor calidad de vida a trav\u00e9s d<span class=\"text_exposed_show\">e la realizaci\u00f3n de actividad f\u00edsica y de una alimentaci\u00f3n saludable.<br \/>\nEl ciclo de talleres continuar\u00e1 en los pr\u00f3ximos d\u00edas pero en diferentes horarios para todas aquellas personas que por compromisos laborales no pudieron asistir en la ma\u00f1ana de hoy.<br \/>\nInformaremos.<\/p>\n<p><\/span><\/p>\n<div id='gallery-1' class='gallery galleryid-383 gallery-columns-4 gallery-size-thumbnail'><figure class='gallery-item'>\n\t\t\t<div class='gallery-icon landscape'>\n\t\t\t\t<a href='https:\/\/www.rivera.gub.uy\/social\/wp-content\/uploads\/2017\/08\/20841948_1606054762779568_2171014660883213772_n.jpg'><img loading=\"lazy\" decoding=\"async\" width=\"150\" height=\"150\" src=\"https:\/\/www.rivera.gub.uy\/social\/wp-content\/uploads\/2017\/08\/20841948_1606054762779568_2171014660883213772_n-150x150.jpg\" class=\"attachment-thumbnail size-thumbnail\" alt=\"\" \/><\/a>\n\t\t\t<\/div><\/figure><figure class='gallery-item'>\n\t\t\t<div class='gallery-icon landscape'>\n\t\t\t\t<a href='https:\/\/www.rivera.gub.uy\/social\/wp-content\/uploads\/2017\/08\/20840790_1606055009446210_7087261439604770790_n.jpg'><img loading=\"lazy\" decoding=\"async\" width=\"150\" height=\"150\" src=\"https:\/\/www.rivera.gub.uy\/social\/wp-content\/uploads\/2017\/08\/20840790_1606055009446210_7087261439604770790_n-150x150.jpg\" class=\"attachment-thumbnail size-thumbnail\" alt=\"\" \/><\/a>\n\t\t\t<\/div><\/figure><figure class='gallery-item'>\n\t\t\t<div class='gallery-icon landscape'>\n\t\t\t\t<a href='https:\/\/www.rivera.gub.uy\/social\/wp-content\/uploads\/2017\/08\/20841171_1606055362779508_2980163787508972254_n.jpg'><img loading=\"lazy\" decoding=\"async\" width=\"150\" height=\"150\" src=\"https:\/\/www.rivera.gub.uy\/social\/wp-content\/uploads\/2017\/08\/20841171_1606055362779508_2980163787508972254_n-150x150.jpg\" class=\"attachment-thumbnail size-thumbnail\" alt=\"\" \/><\/a>\n\t\t\t<\/div><\/figure><figure class='gallery-item'>\n\t\t\t<div class='gallery-icon landscape'>\n\t\t\t\t<a href='https:\/\/www.rivera.gub.uy\/social\/wp-content\/uploads\/2017\/08\/20842041_1606055046112873_2993509038781564611_n.jpg'><img loading=\"lazy\" decoding=\"async\" width=\"150\" height=\"150\" src=\"https:\/\/www.rivera.gub.uy\/social\/wp-content\/uploads\/2017\/08\/20842041_1606055046112873_2993509038781564611_n-150x150.jpg\" class=\"attachment-thumbnail size-thumbnail\" alt=\"\" \/><\/a>\n\t\t\t<\/div><\/figure><figure class='gallery-item'>\n\t\t\t<div class='gallery-icon landscape'>\n\t\t\t\t<a href='https:\/\/www.rivera.gub.uy\/social\/wp-content\/uploads\/2017\/08\/20882783_1606055489446162_4489711947958446131_n.jpg'><img loading=\"lazy\" decoding=\"async\" width=\"150\" height=\"150\" src=\"https:\/\/www.rivera.gub.uy\/social\/wp-content\/uploads\/2017\/08\/20882783_1606055489446162_4489711947958446131_n-150x150.jpg\" class=\"attachment-thumbnail size-thumbnail\" alt=\"\" \/><\/a>\n\t\t\t<\/div><\/figure><figure class='gallery-item'>\n\t\t\t<div class='gallery-icon landscape'>\n\t\t\t\t<a href='https:\/\/www.rivera.gub.uy\/social\/wp-content\/uploads\/2017\/08\/20914214_1606055442779500_2987628550280545023_n.jpg'><img loading=\"lazy\" decoding=\"async\" width=\"150\" height=\"150\" src=\"https:\/\/www.rivera.gub.uy\/social\/wp-content\/uploads\/2017\/08\/20914214_1606055442779500_2987628550280545023_n-150x150.jpg\" class=\"attachment-thumbnail size-thumbnail\" alt=\"\" \/><\/a>\n\t\t\t<\/div><\/figure><figure class='gallery-item'>\n\t\t\t<div class='gallery-icon landscape'>\n\t\t\t\t<a href='https:\/\/www.rivera.gub.uy\/social\/wp-content\/uploads\/2017\/08\/20914230_1606055119446199_244262113714513268_n.jpg'><img loading=\"lazy\" decoding=\"async\" width=\"150\" height=\"150\" src=\"https:\/\/www.rivera.gub.uy\/social\/wp-content\/uploads\/2017\/08\/20914230_1606055119446199_244262113714513268_n-150x150.jpg\" class=\"attachment-thumbnail size-thumbnail\" alt=\"\" \/><\/a>\n\t\t\t<\/div><\/figure><figure class='gallery-item'>\n\t\t\t<div class='gallery-icon landscape'>\n\t\t\t\t<a href='https:\/\/www.rivera.gub.uy\/social\/wp-content\/uploads\/2017\/08\/20842227_1606055226112855_7405645741978944024_n.jpg'><img loading=\"lazy\" decoding=\"async\" width=\"150\" height=\"150\" src=\"https:\/\/www.rivera.gub.uy\/social\/wp-content\/uploads\/2017\/08\/20842227_1606055226112855_7405645741978944024_n-150x150.jpg\" class=\"attachment-thumbnail size-thumbnail\" alt=\"\" \/><\/a>\n\t\t\t<\/div><\/figure>\n\t\t<\/div>\n\n<p>&nbsp;<\/p>\n","protected":false},"excerpt":{"rendered":"<p>En la ma\u00f1ana de hoy, 18 de agosto, se realiz\u00f3 el 1er. Taller de Alimentaci\u00f3n Saludable dentro del Programa \u00abRivera Activa\u00bb llevado adelante por la Divisi\u00f3n Deportes y COMERI.<\/p>\n","protected":false},"author":4,"featured_media":384,"comment_status":"open","ping_status":"open","sticky":false,"template":"","format":"standard","meta":{"footnotes":""},"categories":[5,1,7],"tags":[12,11,17,35,50],"_links":{"self":[{"href":"https:\/\/www.rivera.gub.uy\/social\/wp-json\/wp\/v2\/posts\/383"}],"collection":[{"href":"https:\/\/www.rivera.gub.uy\/social\/wp-json\/wp\/v2\/posts"}],"about":[{"href":"https:\/\/www.rivera.gub.uy\/social\/wp-json\/wp\/v2\/types\/post"}],"author":[{"embeddable":true,"href":"https:\/\/www.rivera.gub.uy\/social\/wp-json\/wp\/v2\/users\/4"}],"replies":[{"embeddable":true,"href":"https:\/\/www.rivera.gub.uy\/social\/wp-json\/wp\/v2\/comments?post=383"}],"version-history":[{"count":3,"href":"https:\/\/www.rivera.gub.uy\/social\/wp-json\/wp\/v2\/posts\/383\/revisions"}],"predecessor-version":[{"id":572,"href":"https:\/\/www.rivera.gub.uy\/social\/wp-json\/wp\/v2\/posts\/383\/revisions\/572"}],"wp:featuredmedia":[{"embeddable":true,"href":"https:\/\/www.rivera.gub.uy\/social\/wp-json\/wp\/v2\/media\/384"}],"wp:attachment":[{"href":"https:\/\/www.rivera.gub.uy\/social\/wp-json\/wp\/v2\/media?parent=383"}],"wp:term":[{"taxonomy":"category","embeddable":true,"href":"https:\/\/www.rivera.gub.uy\/social\/wp-json\/wp\/v2\/categories?post=383"},{"taxonomy":"post_tag","embeddable":true,"href":"https:\/\/www.rivera.gub.uy\/social\/wp-json\/wp\/v2\/tags?post=383"}],"curies":[{"name":"wp","href":"https:\/\/api.w.org\/{rel}","templated":true}]}}