{"id":3849,"date":"2018-08-07T18:33:58","date_gmt":"2018-08-07T18:33:58","guid":{"rendered":"http:\/\/rivera.gub.uy\/social\/?p=3849"},"modified":"2018-08-14T15:44:57","modified_gmt":"2018-08-14T15:44:57","slug":"lanzamiento-del-libro-vichadero-donde-el-viento-hace-la-curva-de-la-mtra-gricelda-rodriguez","status":"publish","type":"post","link":"https:\/\/www.rivera.gub.uy\/social\/lanzamiento-del-libro-vichadero-donde-el-viento-hace-la-curva-de-la-mtra-gricelda-rodriguez\/","title":{"rendered":"Lanzamiento del libro \u00abVICHADERO: Donde el viento hace la curva\u00bb de la Mtra. Gricelda Rodr\u00edguez."},"content":{"rendered":"<p>El pr\u00f3ximo jueves 9 de agosto, a la hora 15, en salones del Centro Universitario de Rivera, tendr\u00e1 lugar el lanzamiento del libro <em>\u00abVICHADERO: Donde el viento hace la curva<\/em>\u00bb de la Mtra. Gricelda Rodr\u00edguez. <!--more-->Se trata de un recorrido por la historia de la Villa a lo largo de 100 a\u00f1os, con documentos e im\u00e1genes de sus Instituciones y protagonistas, aportando a la identidad y construcci\u00f3n de la memoria colectiva de la localidad. Evento abierto a todo p\u00fablico.<img loading=\"lazy\" decoding=\"async\" class=\"size-medium wp-image-3850 aligncenter\" src=\"http:\/\/rivera.gub.uy\/social\/wp-content\/uploads\/2018\/08\/Banner-Lanzamiento-Libro-Vichadero-02-300x300.png\" alt=\"\" width=\"300\" height=\"300\" srcset=\"https:\/\/www.rivera.gub.uy\/social\/wp-content\/uploads\/2018\/08\/Banner-Lanzamiento-Libro-Vichadero-02-300x300.png 300w, https:\/\/www.rivera.gub.uy\/social\/wp-content\/uploads\/2018\/08\/Banner-Lanzamiento-Libro-Vichadero-02-150x150.png 150w, https:\/\/www.rivera.gub.uy\/social\/wp-content\/uploads\/2018\/08\/Banner-Lanzamiento-Libro-Vichadero-02-768x768.png 768w, https:\/\/www.rivera.gub.uy\/social\/wp-content\/uploads\/2018\/08\/Banner-Lanzamiento-Libro-Vichadero-02-820x820.png 820w, https:\/\/www.rivera.gub.uy\/social\/wp-content\/uploads\/2018\/08\/Banner-Lanzamiento-Libro-Vichadero-02.png 1000w\" sizes=\"(max-width: 300px) 100vw, 300px\" \/><\/p>\n","protected":false},"excerpt":{"rendered":"<p>El pr\u00f3ximo jueves 9 de agosto, a la hora 15, en salones del Centro Universitario de Rivera, tendr\u00e1 lugar el lanzamiento del libro \u00abVICHADERO: Donde el viento hace la curva\u00bb de la Mtra. Gricelda Rodr\u00edguez.<\/p>\n","protected":false},"author":6,"featured_media":3851,"comment_status":"open","ping_status":"open","sticky":false,"template":"","format":"standard","meta":{"footnotes":""},"categories":[8,1],"tags":[],"_links":{"self":[{"href":"https:\/\/www.rivera.gub.uy\/social\/wp-json\/wp\/v2\/posts\/3849"}],"collection":[{"href":"https:\/\/www.rivera.gub.uy\/social\/wp-json\/wp\/v2\/posts"}],"about":[{"href":"https:\/\/www.rivera.gub.uy\/social\/wp-json\/wp\/v2\/types\/post"}],"author":[{"embeddable":true,"href":"https:\/\/www.rivera.gub.uy\/social\/wp-json\/wp\/v2\/users\/6"}],"replies":[{"embeddable":true,"href":"https:\/\/www.rivera.gub.uy\/social\/wp-json\/wp\/v2\/comments?post=3849"}],"version-history":[{"count":3,"href":"https:\/\/www.rivera.gub.uy\/social\/wp-json\/wp\/v2\/posts\/3849\/revisions"}],"predecessor-version":[{"id":3918,"href":"https:\/\/www.rivera.gub.uy\/social\/wp-json\/wp\/v2\/posts\/3849\/revisions\/3918"}],"wp:featuredmedia":[{"embeddable":true,"href":"https:\/\/www.rivera.gub.uy\/social\/wp-json\/wp\/v2\/media\/3851"}],"wp:attachment":[{"href":"https:\/\/www.rivera.gub.uy\/social\/wp-json\/wp\/v2\/media?parent=3849"}],"wp:term":[{"taxonomy":"category","embeddable":true,"href":"https:\/\/www.rivera.gub.uy\/social\/wp-json\/wp\/v2\/categories?post=3849"},{"taxonomy":"post_tag","embeddable":true,"href":"https:\/\/www.rivera.gub.uy\/social\/wp-json\/wp\/v2\/tags?post=3849"}],"curies":[{"name":"wp","href":"https:\/\/api.w.org\/{rel}","templated":true}]}}