{"id":3912,"date":"2018-08-14T13:44:15","date_gmt":"2018-08-14T13:44:15","guid":{"rendered":"http:\/\/rivera.gub.uy\/social\/?p=3912"},"modified":"2018-08-14T13:44:15","modified_gmt":"2018-08-14T13:44:15","slug":"regional-de-handball-en-rivera","status":"publish","type":"post","link":"https:\/\/www.rivera.gub.uy\/social\/regional-de-handball-en-rivera\/","title":{"rendered":"Regional de Handball en Rivera!"},"content":{"rendered":"<p>2a. Liga del Norte de Handball.<\/p>\n<p>Divisi\u00f3n Deportes te invita a prestigiar los partidos de la 2a. fecha de la Liga del Norte de Handball. La misma se disputar\u00e1 el pr\u00f3ximo s\u00e1bado 18 desde las 9:00 en los gimnasios del Club Sarand\u00ed y Club Tel\u00e9grafo.<br \/>\nCategor\u00edas U-16 \/ U19 (masculino y femenino)<br \/>\nArtigas &#8211; Paysand\u00fa &#8211; Rivera &#8211; Tacuaremb\u00f3<\/p>\n","protected":false},"excerpt":{"rendered":"<p>2a. Liga del Norte de Handball. Divisi\u00f3n Deportes te invita a prestigiar los partidos de la 2a. fecha de la Liga del Norte de Handball. La misma se disputar\u00e1 el pr\u00f3ximo s\u00e1bado 18 desde las 9:00 en los gimnasios del Club Sarand\u00ed y Club Tel\u00e9grafo. Categor\u00edas U-16 \/ U19 (masculino y femenino) Artigas &#8211; Paysand\u00fa [&hellip;]<\/p>\n","protected":false},"author":4,"featured_media":3913,"comment_status":"open","ping_status":"open","sticky":false,"template":"","format":"standard","meta":{"footnotes":""},"categories":[6,8,5,1,7,9],"tags":[],"_links":{"self":[{"href":"https:\/\/www.rivera.gub.uy\/social\/wp-json\/wp\/v2\/posts\/3912"}],"collection":[{"href":"https:\/\/www.rivera.gub.uy\/social\/wp-json\/wp\/v2\/posts"}],"about":[{"href":"https:\/\/www.rivera.gub.uy\/social\/wp-json\/wp\/v2\/types\/post"}],"author":[{"embeddable":true,"href":"https:\/\/www.rivera.gub.uy\/social\/wp-json\/wp\/v2\/users\/4"}],"replies":[{"embeddable":true,"href":"https:\/\/www.rivera.gub.uy\/social\/wp-json\/wp\/v2\/comments?post=3912"}],"version-history":[{"count":1,"href":"https:\/\/www.rivera.gub.uy\/social\/wp-json\/wp\/v2\/posts\/3912\/revisions"}],"predecessor-version":[{"id":3914,"href":"https:\/\/www.rivera.gub.uy\/social\/wp-json\/wp\/v2\/posts\/3912\/revisions\/3914"}],"wp:featuredmedia":[{"embeddable":true,"href":"https:\/\/www.rivera.gub.uy\/social\/wp-json\/wp\/v2\/media\/3913"}],"wp:attachment":[{"href":"https:\/\/www.rivera.gub.uy\/social\/wp-json\/wp\/v2\/media?parent=3912"}],"wp:term":[{"taxonomy":"category","embeddable":true,"href":"https:\/\/www.rivera.gub.uy\/social\/wp-json\/wp\/v2\/categories?post=3912"},{"taxonomy":"post_tag","embeddable":true,"href":"https:\/\/www.rivera.gub.uy\/social\/wp-json\/wp\/v2\/tags?post=3912"}],"curies":[{"name":"wp","href":"https:\/\/api.w.org\/{rel}","templated":true}]}}