{"id":3923,"date":"2018-08-21T14:01:31","date_gmt":"2018-08-21T14:01:31","guid":{"rendered":"http:\/\/rivera.gub.uy\/social\/?p=3923"},"modified":"2018-08-21T14:02:04","modified_gmt":"2018-08-21T14:02:04","slug":"que-hacen-nuestros-ninos-despues-de-la-escuela","status":"publish","type":"post","link":"https:\/\/www.rivera.gub.uy\/social\/que-hacen-nuestros-ninos-despues-de-la-escuela\/","title":{"rendered":"\u00bfQu\u00e9 hacen nuestros ni\u00f1os despu\u00e9s de la escuela?"},"content":{"rendered":"<div class=\"\">\n<div class=\"_1mf _1mj\">ESCUELA RIVERENSE DE B\u00c1SQUETBOL.<\/div>\n<\/div>\n<div class=\"\">\n<div class=\"_1mf _1mj\">Ense\u00f1anza y Formaci\u00f3n.<\/div>\n<\/div>\n<div class=\"\">\n<div class=\"_1mf _1mj\"><\/div>\n<\/div>\n<div class=\"\">\n<div class=\"_1mf _1mj\">\u00bfQu\u00e9 hacen nuestros ni\u00f1os despu\u00e9s de la escuela?<\/div>\n<\/div>\n<div class=\"\">\n<div class=\"_1mf _1mj\"><\/div>\n<\/div>\n<div class=\"\">\n<div class=\"_1mf _1mj\">En el Polideportivo Don Bosco, una de las tantas actividades deportivas que brinda Divisi\u00f3n Deportes para nuestros ni\u00f1os y j\u00f3venes, es el basquet!<\/div>\n<\/div>\n<div class=\"\">\n<div class=\"_1mf _1mj\">Despu\u00e9s del f\u00fatbol es el deporte m\u00e1s popular nuestro pa\u00eds, y en nuestro departamento desde el 2017 viene creciendo tras el impulso de Divisi\u00f3n Deportes para la formaci\u00f3n de la Liga Departamental de Basketball de Rivera que en su segundo a\u00f1o de trabajo, mantiene una intensa actividad con ni\u00f1os, j\u00f3venes y adultos.<\/div>\n<\/div>\n<div class=\"\">\n<div class=\"_1mf _1mj\">Nuestro Profe, el Licenciado en Educaci\u00f3n F\u00edsica Mat\u00edas Leites dicta clases de basquet de froma GRATUITA para ni\u00f1os y ni\u00f1as de 11 y 12 a\u00f1os los d\u00edas jueves y viernes de 17:30 a 18:30 horas.<\/div>\n<\/div>\n<div class=\"\">\n<div class=\"_1mf _1mj\">Para participar el ni\u00f1o o ni\u00f1a tiene que ir acompa\u00f1ado por un mayor responsable y llevar una fotocopia de la c\u00e9dula de identidad y del Carnet del Ni\u00f1o (MSP).<\/div>\n<\/div>\n<div class=\"\">\n<div class=\"_1mf _1mj\"><\/div>\n<\/div>\n<div class=\"\">\n<div class=\"_1mf _1mj\">Rivera se mueve hacia una mejor calidad de vida para nuestros ni\u00f1os!<\/div>\n<\/div>\n","protected":false},"excerpt":{"rendered":"<p>ESCUELA RIVERENSE DE B\u00c1SQUETBOL. Ense\u00f1anza y Formaci\u00f3n. \u00bfQu\u00e9 hacen nuestros ni\u00f1os despu\u00e9s de la escuela? En el Polideportivo Don Bosco, una de las tantas actividades deportivas que brinda Divisi\u00f3n Deportes para nuestros ni\u00f1os y j\u00f3venes, es el basquet! Despu\u00e9s del f\u00fatbol es el deporte m\u00e1s popular nuestro pa\u00eds, y en nuestro departamento desde el 2017 [&hellip;]<\/p>\n","protected":false},"author":4,"featured_media":3924,"comment_status":"open","ping_status":"open","sticky":false,"template":"","format":"standard","meta":{"footnotes":""},"categories":[6,8,5,1,7,9],"tags":[],"_links":{"self":[{"href":"https:\/\/www.rivera.gub.uy\/social\/wp-json\/wp\/v2\/posts\/3923"}],"collection":[{"href":"https:\/\/www.rivera.gub.uy\/social\/wp-json\/wp\/v2\/posts"}],"about":[{"href":"https:\/\/www.rivera.gub.uy\/social\/wp-json\/wp\/v2\/types\/post"}],"author":[{"embeddable":true,"href":"https:\/\/www.rivera.gub.uy\/social\/wp-json\/wp\/v2\/users\/4"}],"replies":[{"embeddable":true,"href":"https:\/\/www.rivera.gub.uy\/social\/wp-json\/wp\/v2\/comments?post=3923"}],"version-history":[{"count":2,"href":"https:\/\/www.rivera.gub.uy\/social\/wp-json\/wp\/v2\/posts\/3923\/revisions"}],"predecessor-version":[{"id":3930,"href":"https:\/\/www.rivera.gub.uy\/social\/wp-json\/wp\/v2\/posts\/3923\/revisions\/3930"}],"wp:featuredmedia":[{"embeddable":true,"href":"https:\/\/www.rivera.gub.uy\/social\/wp-json\/wp\/v2\/media\/3924"}],"wp:attachment":[{"href":"https:\/\/www.rivera.gub.uy\/social\/wp-json\/wp\/v2\/media?parent=3923"}],"wp:term":[{"taxonomy":"category","embeddable":true,"href":"https:\/\/www.rivera.gub.uy\/social\/wp-json\/wp\/v2\/categories?post=3923"},{"taxonomy":"post_tag","embeddable":true,"href":"https:\/\/www.rivera.gub.uy\/social\/wp-json\/wp\/v2\/tags?post=3923"}],"curies":[{"name":"wp","href":"https:\/\/api.w.org\/{rel}","templated":true}]}}