{"id":3931,"date":"2018-08-21T14:51:31","date_gmt":"2018-08-21T14:51:31","guid":{"rendered":"http:\/\/rivera.gub.uy\/social\/?p=3931"},"modified":"2018-08-21T14:51:31","modified_gmt":"2018-08-21T14:51:31","slug":"rivera-campeon-regional-de-handball-sub-19","status":"publish","type":"post","link":"https:\/\/www.rivera.gub.uy\/social\/rivera-campeon-regional-de-handball-sub-19\/","title":{"rendered":"Rivera Campe\u00f3n Regional de Handball (Sub.19)."},"content":{"rendered":"<div class=\"\">\n<div class=\"_1mf _1mj\">El pasado fin de semana, la Selecci\u00f3n de Handball de la Intendencia Departamental de Rivera Cat. Sub. 19 llev\u00f3 el t\u00edtulo de campe\u00f3n del Campeonato Regional de Handball en la cuidad de Melo (Cerro Largo).<\/div>\n<\/div>\n<div class=\"\">\n<div class=\"_1mf _1mj\"><span>Ven\u00ed tu tambi\u00e9n a formar parte de nuestro equipo!<\/span><\/div>\n<\/div>\n<div class=\"\">\n<div class=\"_1mf _1mj\"><span>Clases y pr\u00e1cticas GRATUITAS los d\u00edas martes y jueves a las 19:00 horas en el Gimnasio del Liceo Pomoli a cargo del Prof. Gustavo Laclau.<\/span><\/div>\n<\/div>\n<div class=\"\">\n<div class=\"_1mf _1mj\"><span>Te esperamos! <\/span><\/div>\n<\/div>\n","protected":false},"excerpt":{"rendered":"<p>El pasado fin de semana, la Selecci\u00f3n de Handball de la Intendencia Departamental de Rivera Cat. Sub. 19 llev\u00f3 el t\u00edtulo de campe\u00f3n del Campeonato Regional de Handball en la cuidad de Melo (Cerro Largo). Ven\u00ed tu tambi\u00e9n a formar parte de nuestro equipo! Clases y pr\u00e1cticas GRATUITAS los d\u00edas martes y jueves a las [&hellip;]<\/p>\n","protected":false},"author":4,"featured_media":3932,"comment_status":"open","ping_status":"open","sticky":false,"template":"","format":"standard","meta":{"footnotes":""},"categories":[6,8,5,1,7,9],"tags":[],"_links":{"self":[{"href":"https:\/\/www.rivera.gub.uy\/social\/wp-json\/wp\/v2\/posts\/3931"}],"collection":[{"href":"https:\/\/www.rivera.gub.uy\/social\/wp-json\/wp\/v2\/posts"}],"about":[{"href":"https:\/\/www.rivera.gub.uy\/social\/wp-json\/wp\/v2\/types\/post"}],"author":[{"embeddable":true,"href":"https:\/\/www.rivera.gub.uy\/social\/wp-json\/wp\/v2\/users\/4"}],"replies":[{"embeddable":true,"href":"https:\/\/www.rivera.gub.uy\/social\/wp-json\/wp\/v2\/comments?post=3931"}],"version-history":[{"count":1,"href":"https:\/\/www.rivera.gub.uy\/social\/wp-json\/wp\/v2\/posts\/3931\/revisions"}],"predecessor-version":[{"id":3933,"href":"https:\/\/www.rivera.gub.uy\/social\/wp-json\/wp\/v2\/posts\/3931\/revisions\/3933"}],"wp:featuredmedia":[{"embeddable":true,"href":"https:\/\/www.rivera.gub.uy\/social\/wp-json\/wp\/v2\/media\/3932"}],"wp:attachment":[{"href":"https:\/\/www.rivera.gub.uy\/social\/wp-json\/wp\/v2\/media?parent=3931"}],"wp:term":[{"taxonomy":"category","embeddable":true,"href":"https:\/\/www.rivera.gub.uy\/social\/wp-json\/wp\/v2\/categories?post=3931"},{"taxonomy":"post_tag","embeddable":true,"href":"https:\/\/www.rivera.gub.uy\/social\/wp-json\/wp\/v2\/tags?post=3931"}],"curies":[{"name":"wp","href":"https:\/\/api.w.org\/{rel}","templated":true}]}}