{"id":3939,"date":"2018-08-29T00:57:25","date_gmt":"2018-08-29T00:57:25","guid":{"rendered":"http:\/\/rivera.gub.uy\/social\/?p=3939"},"modified":"2018-08-29T01:14:21","modified_gmt":"2018-08-29T01:14:21","slug":"una-jornada-especial-para-el-deporte-de-rivera-y-del-pais","status":"publish","type":"post","link":"https:\/\/www.rivera.gub.uy\/social\/una-jornada-especial-para-el-deporte-de-rivera-y-del-pais\/","title":{"rendered":"Una jornada especial para el Deporte de Rivera y del Pa\u00eds."},"content":{"rendered":"<div class=\"\">\n<p>En el d\u00eda de hoy, el deporte tuvo un destacado protagonismo para los riverenses, y de esta vez, fuera de la cancha.<br \/>\nDesde primeras horas de la ma\u00f1ana en las instalaciones del C\u00edrculo Policial, se celebr\u00f3 la Reuni\u00f3n Nacional de Directores de Deporte donde recibimos a Directores de casi todas las Intendencias, con la ausencia por fuerza mayor de algunas pocas. Como ya estaba establecido en el crono<span class=\"text_exposed_show\">grama de la misma, el Sr. Intendente y Presidente del Congreso Nacional de Intendentes, Dr. Marne Osorio Lima, realiz\u00f3 el nombramiento a la Presidencia de CIDD (Comisi\u00f3n Interdepartamental de Direcciones de Deportes) al Director de Deportes Lic. Horacio Hern\u00e1ndez.<br \/>\nLa ceremonia cont\u00f3 con una important\u00edsima presencia de Ediles, especialmente integrantes de la Comisi\u00f3n de Deportes, medios de prensa y funcionarios de la Divisi\u00f3n Deportes que trabajaron siendo excelentes anfitriones preocupados con los m\u00ednimos detalles para lograr una eficiente jornada de trabajo.<\/span><\/p>\n<div class=\"text_exposed_show\">\n<p><a href=\"http:\/\/rivera.gub.uy\/social\/una-jornada-especial-para-el-deporte-de-rivera-y-del-pais\/\" target=\"_blank\" rel=\"noopener nofollow\">http:\/\/rivera.gub.uy\/\u2026\/una-jornada-especial-para-el-deport\u2026\/<\/a><\/p>\n<\/div>\n<p>.<\/p>\n<\/div>\n","protected":false},"excerpt":{"rendered":"<p>En el d\u00eda de hoy, el deporte tuvo un destacado protagonismo para los riverenses, y de esta vez, fuera de la cancha. Desde primeras horas de la ma\u00f1ana en las instalaciones del C\u00edrculo Policial, se celebr\u00f3 la Reuni\u00f3n Nacional de Directores de Deporte donde recibimos a Directores de casi todas las Intendencias, con la ausencia [&hellip;]<\/p>\n","protected":false},"author":4,"featured_media":3940,"comment_status":"open","ping_status":"open","sticky":false,"template":"","format":"standard","meta":{"footnotes":""},"categories":[6,8,5,1,7,9],"tags":[],"_links":{"self":[{"href":"https:\/\/www.rivera.gub.uy\/social\/wp-json\/wp\/v2\/posts\/3939"}],"collection":[{"href":"https:\/\/www.rivera.gub.uy\/social\/wp-json\/wp\/v2\/posts"}],"about":[{"href":"https:\/\/www.rivera.gub.uy\/social\/wp-json\/wp\/v2\/types\/post"}],"author":[{"embeddable":true,"href":"https:\/\/www.rivera.gub.uy\/social\/wp-json\/wp\/v2\/users\/4"}],"replies":[{"embeddable":true,"href":"https:\/\/www.rivera.gub.uy\/social\/wp-json\/wp\/v2\/comments?post=3939"}],"version-history":[{"count":4,"href":"https:\/\/www.rivera.gub.uy\/social\/wp-json\/wp\/v2\/posts\/3939\/revisions"}],"predecessor-version":[{"id":3944,"href":"https:\/\/www.rivera.gub.uy\/social\/wp-json\/wp\/v2\/posts\/3939\/revisions\/3944"}],"wp:featuredmedia":[{"embeddable":true,"href":"https:\/\/www.rivera.gub.uy\/social\/wp-json\/wp\/v2\/media\/3940"}],"wp:attachment":[{"href":"https:\/\/www.rivera.gub.uy\/social\/wp-json\/wp\/v2\/media?parent=3939"}],"wp:term":[{"taxonomy":"category","embeddable":true,"href":"https:\/\/www.rivera.gub.uy\/social\/wp-json\/wp\/v2\/categories?post=3939"},{"taxonomy":"post_tag","embeddable":true,"href":"https:\/\/www.rivera.gub.uy\/social\/wp-json\/wp\/v2\/tags?post=3939"}],"curies":[{"name":"wp","href":"https:\/\/api.w.org\/{rel}","templated":true}]}}