{"id":3958,"date":"2018-08-31T13:26:06","date_gmt":"2018-08-31T13:26:06","guid":{"rendered":"http:\/\/rivera.gub.uy\/social\/?p=3958"},"modified":"2018-08-31T13:26:06","modified_gmt":"2018-08-31T13:26:06","slug":"este-fin-de-semana-se-juega-tenis-de-mesa-en-rivera","status":"publish","type":"post","link":"https:\/\/www.rivera.gub.uy\/social\/este-fin-de-semana-se-juega-tenis-de-mesa-en-rivera\/","title":{"rendered":"Este fin de semana se juega tenis de mesa en Rivera"},"content":{"rendered":"<div class=\"\">\n<div class=\"_1mf _1mj\">Ma\u00f1ana s\u00e1bado (1) en las instalaciones del Club Nacional de B\u00e1squetbol se disputa la 6ta. etapa del 2do. Circuito Macro Mercado de Tenis de Mesa.<\/div>\n<\/div>\n<div class=\"\">\n<div class=\"_1mf _1mj\"><span>Horarios:<\/span><\/div>\n<\/div>\n<div class=\"\">\n<div class=\"_1mf _1mj\"><span>10:00 &#8211; Categor\u00eda Sub. 18 <\/span><\/div>\n<\/div>\n<div class=\"\">\n<div class=\"_1mf _1mj\"><span>12:00 &#8211; Categor\u00eda Sub. 15 <\/span><\/div>\n<\/div>\n<div class=\"\">\n<div class=\"_1mf _1mj\"><span>15:00 &#8211; Categor\u00eda Mayores<\/span><\/div>\n<\/div>\n<div class=\"\">\n<div class=\"_1mf _1mj\"><span>Inscripciones en el horario y local antes mencionaso<\/span><\/div>\n<\/div>\n<div class=\"\">\n<div class=\"_1mf _1mj\"><span>Premios para los ganadores de todas las categor\u00edas.<\/span><\/div>\n<\/div>\n<div class=\"\">\n<div class=\"_1mf _1mj\"><span>Los esperamos!<\/span><\/div>\n<\/div>\n<div class=\"\">\n<div class=\"_1mf _1mj\"><span>Apoya: Amigos del Deporte de Rivera.<\/span><\/div>\n<\/div>\n<div><\/div>\n<div><img loading=\"lazy\" decoding=\"async\" class=\"alignnone size-medium wp-image-3960\" src=\"http:\/\/rivera.gub.uy\/social\/wp-content\/uploads\/2018\/08\/40554454_2056331741085199_8309980317179969536_n-1-300x200.jpg\" alt=\"\" width=\"300\" height=\"200\" srcset=\"https:\/\/www.rivera.gub.uy\/social\/wp-content\/uploads\/2018\/08\/40554454_2056331741085199_8309980317179969536_n-1-300x200.jpg 300w, https:\/\/www.rivera.gub.uy\/social\/wp-content\/uploads\/2018\/08\/40554454_2056331741085199_8309980317179969536_n-1-768x512.jpg 768w, https:\/\/www.rivera.gub.uy\/social\/wp-content\/uploads\/2018\/08\/40554454_2056331741085199_8309980317179969536_n-1-600x400.jpg 600w, https:\/\/www.rivera.gub.uy\/social\/wp-content\/uploads\/2018\/08\/40554454_2056331741085199_8309980317179969536_n-1-820x547.jpg 820w, https:\/\/www.rivera.gub.uy\/social\/wp-content\/uploads\/2018\/08\/40554454_2056331741085199_8309980317179969536_n-1-272x182.jpg 272w, https:\/\/www.rivera.gub.uy\/social\/wp-content\/uploads\/2018\/08\/40554454_2056331741085199_8309980317179969536_n-1.jpg 960w\" sizes=\"(max-width: 300px) 100vw, 300px\" \/><\/div>\n","protected":false},"excerpt":{"rendered":"<p>Ma\u00f1ana s\u00e1bado (1) en las instalaciones del Club Nacional de B\u00e1squetbol se disputa la 6ta. etapa del 2do. Circuito Macro Mercado de Tenis de Mesa. Horarios: 10:00 &#8211; Categor\u00eda Sub. 18 12:00 &#8211; Categor\u00eda Sub. 15 15:00 &#8211; Categor\u00eda Mayores Inscripciones en el horario y local antes mencionaso Premios para los ganadores de todas las [&hellip;]<\/p>\n","protected":false},"author":4,"featured_media":3959,"comment_status":"open","ping_status":"open","sticky":false,"template":"","format":"standard","meta":{"footnotes":""},"categories":[6,8,5,1,7,9],"tags":[],"_links":{"self":[{"href":"https:\/\/www.rivera.gub.uy\/social\/wp-json\/wp\/v2\/posts\/3958"}],"collection":[{"href":"https:\/\/www.rivera.gub.uy\/social\/wp-json\/wp\/v2\/posts"}],"about":[{"href":"https:\/\/www.rivera.gub.uy\/social\/wp-json\/wp\/v2\/types\/post"}],"author":[{"embeddable":true,"href":"https:\/\/www.rivera.gub.uy\/social\/wp-json\/wp\/v2\/users\/4"}],"replies":[{"embeddable":true,"href":"https:\/\/www.rivera.gub.uy\/social\/wp-json\/wp\/v2\/comments?post=3958"}],"version-history":[{"count":1,"href":"https:\/\/www.rivera.gub.uy\/social\/wp-json\/wp\/v2\/posts\/3958\/revisions"}],"predecessor-version":[{"id":3961,"href":"https:\/\/www.rivera.gub.uy\/social\/wp-json\/wp\/v2\/posts\/3958\/revisions\/3961"}],"wp:featuredmedia":[{"embeddable":true,"href":"https:\/\/www.rivera.gub.uy\/social\/wp-json\/wp\/v2\/media\/3959"}],"wp:attachment":[{"href":"https:\/\/www.rivera.gub.uy\/social\/wp-json\/wp\/v2\/media?parent=3958"}],"wp:term":[{"taxonomy":"category","embeddable":true,"href":"https:\/\/www.rivera.gub.uy\/social\/wp-json\/wp\/v2\/categories?post=3958"},{"taxonomy":"post_tag","embeddable":true,"href":"https:\/\/www.rivera.gub.uy\/social\/wp-json\/wp\/v2\/tags?post=3958"}],"curies":[{"name":"wp","href":"https:\/\/api.w.org\/{rel}","templated":true}]}}