{"id":3962,"date":"2018-09-03T14:32:19","date_gmt":"2018-09-03T14:32:19","guid":{"rendered":"http:\/\/rivera.gub.uy\/social\/?p=3962"},"modified":"2018-09-03T14:32:19","modified_gmt":"2018-09-03T14:32:19","slug":"setiembre-a-todo-ciclismo","status":"publish","type":"post","link":"https:\/\/www.rivera.gub.uy\/social\/setiembre-a-todo-ciclismo\/","title":{"rendered":"Setiembre a todo Ciclismo."},"content":{"rendered":"<div class=\"\">\n<div class=\"_1mf _1mj\"><span>Llega la 3ra. y \u00faltima fecha del Campeonato de Invierno en Av. Sarand\u00ed.<\/span><\/div>\n<\/div>\n<div class=\"\">\n<div class=\"_1mf _1mj\"><span>Domingo 9 de setiembre, 09:30 horas.<\/span><\/div>\n<\/div>\n<div class=\"\">\n<div class=\"_1mf _1mj\"><span>Categor\u00edas: Vale todo y Master<\/span><\/div>\n<\/div>\n<div class=\"\">\n<div class=\"_1mf _1mj\"><span>Premios en efectivo para los ganadores.<\/span><\/div>\n<\/div>\n<div class=\"\">\n<div class=\"_1mf _1mj\"><span>Organiza: LICIDERI (Liga de Ciclismo de Rivera)<\/span><\/div>\n<\/div>\n<div class=\"\">\n<div class=\"_1mf _1mj\"><span>Apoya: Divisi\u00f3n Deportes y Direcci\u00f3n General de Tr\u00e1nsito y Trasporte.<\/span><\/div>\n<\/div>\n","protected":false},"excerpt":{"rendered":"<p>Llega la 3ra. y \u00faltima fecha del Campeonato de Invierno en Av. Sarand\u00ed. Domingo 9 de setiembre, 09:30 horas. Categor\u00edas: Vale todo y Master Premios en efectivo para los ganadores. Organiza: LICIDERI (Liga de Ciclismo de Rivera) Apoya: Divisi\u00f3n Deportes y Direcci\u00f3n General de Tr\u00e1nsito y Trasporte.<\/p>\n","protected":false},"author":4,"featured_media":3963,"comment_status":"open","ping_status":"open","sticky":false,"template":"","format":"standard","meta":{"footnotes":""},"categories":[6,8,5,1,7,9],"tags":[],"_links":{"self":[{"href":"https:\/\/www.rivera.gub.uy\/social\/wp-json\/wp\/v2\/posts\/3962"}],"collection":[{"href":"https:\/\/www.rivera.gub.uy\/social\/wp-json\/wp\/v2\/posts"}],"about":[{"href":"https:\/\/www.rivera.gub.uy\/social\/wp-json\/wp\/v2\/types\/post"}],"author":[{"embeddable":true,"href":"https:\/\/www.rivera.gub.uy\/social\/wp-json\/wp\/v2\/users\/4"}],"replies":[{"embeddable":true,"href":"https:\/\/www.rivera.gub.uy\/social\/wp-json\/wp\/v2\/comments?post=3962"}],"version-history":[{"count":1,"href":"https:\/\/www.rivera.gub.uy\/social\/wp-json\/wp\/v2\/posts\/3962\/revisions"}],"predecessor-version":[{"id":3964,"href":"https:\/\/www.rivera.gub.uy\/social\/wp-json\/wp\/v2\/posts\/3962\/revisions\/3964"}],"wp:featuredmedia":[{"embeddable":true,"href":"https:\/\/www.rivera.gub.uy\/social\/wp-json\/wp\/v2\/media\/3963"}],"wp:attachment":[{"href":"https:\/\/www.rivera.gub.uy\/social\/wp-json\/wp\/v2\/media?parent=3962"}],"wp:term":[{"taxonomy":"category","embeddable":true,"href":"https:\/\/www.rivera.gub.uy\/social\/wp-json\/wp\/v2\/categories?post=3962"},{"taxonomy":"post_tag","embeddable":true,"href":"https:\/\/www.rivera.gub.uy\/social\/wp-json\/wp\/v2\/tags?post=3962"}],"curies":[{"name":"wp","href":"https:\/\/api.w.org\/{rel}","templated":true}]}}