{"id":3996,"date":"2018-09-12T13:24:48","date_gmt":"2018-09-12T13:24:48","guid":{"rendered":"http:\/\/rivera.gub.uy\/social\/?p=3996"},"modified":"2018-09-12T13:24:48","modified_gmt":"2018-09-12T13:24:48","slug":"jornada-de-rivera-rema","status":"publish","type":"post","link":"https:\/\/www.rivera.gub.uy\/social\/jornada-de-rivera-rema\/","title":{"rendered":"Jornada de \u00abRivera Rema\u00bb"},"content":{"rendered":"<p>El s\u00e1bado 8 de setiembre, se vivi\u00f3 una jornada intensa de Rivera Rema en el lago del Parque de Gran Breta\u00f1a donde contamos con la presencia de<br \/>\nJavier Ingold representando a la Federaci\u00f3n Uruguaya de Remo, quien brind\u00f3 charlas y aportes t\u00e9cnicos a los gurices que participan del proyecto.<br \/>\nSe compartieron muchos momentos de confraternizaci\u00f3n entre los chiquilines, los padres, docentes y funcionarios de la Divisi\u00f3n Deportes culminado con la entrega de Certificados y de remeras d<span class=\"text_exposed_show\">el proyecto Rivera Rema a los alumnos que cumplieron 1 a\u00f1o de participaci\u00f3n.<br \/>\nAgradecemos inmensamente al apoyo y a la presencia de los padres y otros familiares de los ni\u00f1os que sin lugar a duda forman parte del \u00e9xito que viene teniendo el proyecto, tambi\u00e9n al Sr. Ingold por su gran aporte y a los docentes, \u00a1el Lic. Marcelo Castillo y Washington Katona que s\u00e1bado tras s\u00e1bado vuelvan todo su conocimiento, dedicaci\u00f3n y cari\u00f1o a los PRIMEROS REMEROS DE RIVERA!<\/span><\/p>\n<p>&nbsp;<\/p>\n<p>&nbsp;<\/p>\n","protected":false},"excerpt":{"rendered":"<p>El s\u00e1bado 8 de setiembre, se vivi\u00f3 una jornada intensa de Rivera Rema en el lago del Parque de Gran Breta\u00f1a donde contamos con la presencia de Javier Ingold representando a la Federaci\u00f3n Uruguaya de Remo, quien brind\u00f3 charlas y aportes t\u00e9cnicos a los gurices que participan del proyecto. Se compartieron muchos momentos de confraternizaci\u00f3n [&hellip;]<\/p>\n","protected":false},"author":4,"featured_media":3998,"comment_status":"open","ping_status":"open","sticky":false,"template":"","format":"standard","meta":{"footnotes":""},"categories":[6,8,5,1,7,9],"tags":[],"_links":{"self":[{"href":"https:\/\/www.rivera.gub.uy\/social\/wp-json\/wp\/v2\/posts\/3996"}],"collection":[{"href":"https:\/\/www.rivera.gub.uy\/social\/wp-json\/wp\/v2\/posts"}],"about":[{"href":"https:\/\/www.rivera.gub.uy\/social\/wp-json\/wp\/v2\/types\/post"}],"author":[{"embeddable":true,"href":"https:\/\/www.rivera.gub.uy\/social\/wp-json\/wp\/v2\/users\/4"}],"replies":[{"embeddable":true,"href":"https:\/\/www.rivera.gub.uy\/social\/wp-json\/wp\/v2\/comments?post=3996"}],"version-history":[{"count":1,"href":"https:\/\/www.rivera.gub.uy\/social\/wp-json\/wp\/v2\/posts\/3996\/revisions"}],"predecessor-version":[{"id":4037,"href":"https:\/\/www.rivera.gub.uy\/social\/wp-json\/wp\/v2\/posts\/3996\/revisions\/4037"}],"wp:featuredmedia":[{"embeddable":true,"href":"https:\/\/www.rivera.gub.uy\/social\/wp-json\/wp\/v2\/media\/3998"}],"wp:attachment":[{"href":"https:\/\/www.rivera.gub.uy\/social\/wp-json\/wp\/v2\/media?parent=3996"}],"wp:term":[{"taxonomy":"category","embeddable":true,"href":"https:\/\/www.rivera.gub.uy\/social\/wp-json\/wp\/v2\/categories?post=3996"},{"taxonomy":"post_tag","embeddable":true,"href":"https:\/\/www.rivera.gub.uy\/social\/wp-json\/wp\/v2\/tags?post=3996"}],"curies":[{"name":"wp","href":"https:\/\/api.w.org\/{rel}","templated":true}]}}