{"id":4038,"date":"2018-09-12T16:40:20","date_gmt":"2018-09-12T16:40:20","guid":{"rendered":"http:\/\/rivera.gub.uy\/social\/?p=4038"},"modified":"2018-09-17T13:02:23","modified_gmt":"2018-09-17T13:02:23","slug":"expo-prado-2018","status":"publish","type":"post","link":"https:\/\/www.rivera.gub.uy\/social\/expo-prado-2018\/","title":{"rendered":"Expo Prado 2018"},"content":{"rendered":"<h4>El Director de Turismo Lic. Carlos Martorell se encuentra en Montevideo, en el Lanzamiento de la participaci\u00f3n de la Regi\u00f3n Norte en la Rural del Prado 2018, compuesta por Artigas, Tacuaremb\u00f3 y Rivera. Exponen en el stand de Uruguay Natural promocionando sus atractivos tur\u00edsticos con presencia de la Encargada de la Regi\u00f3n Norte, Lic. Paula Alvez,\u00a0 Ministro Interino Benjamin Liberoff, Directora de Turismo de Artigas Marisa Meirelles\u00a0 y de Tacuaremb\u00f3 Raquel Hernandez.<\/h4>\n<h4>\u00a0 \u00a0\u00a0<img loading=\"lazy\" decoding=\"async\" class=\"alignnone size-medium wp-image-4045\" src=\"http:\/\/rivera.gub.uy\/social\/wp-content\/uploads\/2018\/09\/PHOTO-2018-09-12-10-52-01-300x169.jpg\" alt=\"\" width=\"300\" height=\"169\" srcset=\"https:\/\/www.rivera.gub.uy\/social\/wp-content\/uploads\/2018\/09\/PHOTO-2018-09-12-10-52-01-300x169.jpg 300w, https:\/\/www.rivera.gub.uy\/social\/wp-content\/uploads\/2018\/09\/PHOTO-2018-09-12-10-52-01-768x432.jpg 768w, https:\/\/www.rivera.gub.uy\/social\/wp-content\/uploads\/2018\/09\/PHOTO-2018-09-12-10-52-01-1024x576.jpg 1024w, https:\/\/www.rivera.gub.uy\/social\/wp-content\/uploads\/2018\/09\/PHOTO-2018-09-12-10-52-01-820x461.jpg 820w, https:\/\/www.rivera.gub.uy\/social\/wp-content\/uploads\/2018\/09\/PHOTO-2018-09-12-10-52-01.jpg 1600w\" sizes=\"(max-width: 300px) 100vw, 300px\" \/>\u00a0\u00a0 \u00a0 \u00a0\u00a0<img loading=\"lazy\" decoding=\"async\" class=\"alignnone wp-image-4041\" src=\"http:\/\/rivera.gub.uy\/social\/wp-content\/uploads\/2018\/09\/7b75af8f-fee1-44d0-b929-c8d543f9d165-300x146.jpg\" alt=\"\" width=\"307\" height=\"149\" srcset=\"https:\/\/www.rivera.gub.uy\/social\/wp-content\/uploads\/2018\/09\/7b75af8f-fee1-44d0-b929-c8d543f9d165-300x146.jpg 300w, https:\/\/www.rivera.gub.uy\/social\/wp-content\/uploads\/2018\/09\/7b75af8f-fee1-44d0-b929-c8d543f9d165-768x373.jpg 768w, https:\/\/www.rivera.gub.uy\/social\/wp-content\/uploads\/2018\/09\/7b75af8f-fee1-44d0-b929-c8d543f9d165-1024x498.jpg 1024w, https:\/\/www.rivera.gub.uy\/social\/wp-content\/uploads\/2018\/09\/7b75af8f-fee1-44d0-b929-c8d543f9d165-820x398.jpg 820w, https:\/\/www.rivera.gub.uy\/social\/wp-content\/uploads\/2018\/09\/7b75af8f-fee1-44d0-b929-c8d543f9d165.jpg 1599w\" sizes=\"(max-width: 307px) 100vw, 307px\" \/>\u00a0\u00a0 \u00a0 \u00a0 \u00a0<img loading=\"lazy\" decoding=\"async\" class=\"alignnone size-medium wp-image-4046\" src=\"http:\/\/rivera.gub.uy\/social\/wp-content\/uploads\/2018\/09\/6df77e18-c562-406d-82cd-65d8ffa8a16c-300x169.jpg\" alt=\"\" width=\"300\" height=\"169\" srcset=\"https:\/\/www.rivera.gub.uy\/social\/wp-content\/uploads\/2018\/09\/6df77e18-c562-406d-82cd-65d8ffa8a16c-300x169.jpg 300w, https:\/\/www.rivera.gub.uy\/social\/wp-content\/uploads\/2018\/09\/6df77e18-c562-406d-82cd-65d8ffa8a16c-768x432.jpg 768w, https:\/\/www.rivera.gub.uy\/social\/wp-content\/uploads\/2018\/09\/6df77e18-c562-406d-82cd-65d8ffa8a16c-1024x576.jpg 1024w, https:\/\/www.rivera.gub.uy\/social\/wp-content\/uploads\/2018\/09\/6df77e18-c562-406d-82cd-65d8ffa8a16c-820x461.jpg 820w, https:\/\/www.rivera.gub.uy\/social\/wp-content\/uploads\/2018\/09\/6df77e18-c562-406d-82cd-65d8ffa8a16c.jpg 1600w\" sizes=\"(max-width: 300px) 100vw, 300px\" \/> <img loading=\"lazy\" decoding=\"async\" class=\"alignnone size-medium wp-image-4047\" src=\"http:\/\/rivera.gub.uy\/social\/wp-content\/uploads\/2018\/09\/d7555f1f-cd38-407a-83fb-4a8f9ab1b08a-300x169.jpg\" alt=\"\" width=\"300\" height=\"169\" srcset=\"https:\/\/www.rivera.gub.uy\/social\/wp-content\/uploads\/2018\/09\/d7555f1f-cd38-407a-83fb-4a8f9ab1b08a-300x169.jpg 300w, https:\/\/www.rivera.gub.uy\/social\/wp-content\/uploads\/2018\/09\/d7555f1f-cd38-407a-83fb-4a8f9ab1b08a-768x432.jpg 768w, https:\/\/www.rivera.gub.uy\/social\/wp-content\/uploads\/2018\/09\/d7555f1f-cd38-407a-83fb-4a8f9ab1b08a-1024x576.jpg 1024w, https:\/\/www.rivera.gub.uy\/social\/wp-content\/uploads\/2018\/09\/d7555f1f-cd38-407a-83fb-4a8f9ab1b08a-820x461.jpg 820w, https:\/\/www.rivera.gub.uy\/social\/wp-content\/uploads\/2018\/09\/d7555f1f-cd38-407a-83fb-4a8f9ab1b08a.jpg 1600w\" sizes=\"(max-width: 300px) 100vw, 300px\" \/><\/h4>\n","protected":false},"excerpt":{"rendered":"<p>El Director de Turismo Lic. Carlos Martorell se encuentra en Montevideo, en el Lanzamiento de la participaci\u00f3n de la Regi\u00f3n Norte en la Rural del Prado 2018, compuesta por Artigas, Tacuaremb\u00f3 y Rivera. Exponen en el stand de Uruguay Natural promocionando sus atractivos tur\u00edsticos con presencia de la Encargada de la Regi\u00f3n Norte, Lic. Paula [&hellip;]<\/p>\n","protected":false},"author":3,"featured_media":4040,"comment_status":"open","ping_status":"open","sticky":false,"template":"","format":"standard","meta":{"footnotes":""},"categories":[1,7,9],"tags":[143,191,168,193,192,195,159,194],"_links":{"self":[{"href":"https:\/\/www.rivera.gub.uy\/social\/wp-json\/wp\/v2\/posts\/4038"}],"collection":[{"href":"https:\/\/www.rivera.gub.uy\/social\/wp-json\/wp\/v2\/posts"}],"about":[{"href":"https:\/\/www.rivera.gub.uy\/social\/wp-json\/wp\/v2\/types\/post"}],"author":[{"embeddable":true,"href":"https:\/\/www.rivera.gub.uy\/social\/wp-json\/wp\/v2\/users\/3"}],"replies":[{"embeddable":true,"href":"https:\/\/www.rivera.gub.uy\/social\/wp-json\/wp\/v2\/comments?post=4038"}],"version-history":[{"count":3,"href":"https:\/\/www.rivera.gub.uy\/social\/wp-json\/wp\/v2\/posts\/4038\/revisions"}],"predecessor-version":[{"id":4048,"href":"https:\/\/www.rivera.gub.uy\/social\/wp-json\/wp\/v2\/posts\/4038\/revisions\/4048"}],"wp:featuredmedia":[{"embeddable":true,"href":"https:\/\/www.rivera.gub.uy\/social\/wp-json\/wp\/v2\/media\/4040"}],"wp:attachment":[{"href":"https:\/\/www.rivera.gub.uy\/social\/wp-json\/wp\/v2\/media?parent=4038"}],"wp:term":[{"taxonomy":"category","embeddable":true,"href":"https:\/\/www.rivera.gub.uy\/social\/wp-json\/wp\/v2\/categories?post=4038"},{"taxonomy":"post_tag","embeddable":true,"href":"https:\/\/www.rivera.gub.uy\/social\/wp-json\/wp\/v2\/tags?post=4038"}],"curies":[{"name":"wp","href":"https:\/\/api.w.org\/{rel}","templated":true}]}}