{"id":4070,"date":"2018-09-18T18:15:32","date_gmt":"2018-09-18T18:15:32","guid":{"rendered":"http:\/\/rivera.gub.uy\/social\/?p=4070"},"modified":"2018-09-18T18:15:32","modified_gmt":"2018-09-18T18:15:32","slug":"coro-municipal-actuo-en-carmelo","status":"publish","type":"post","link":"https:\/\/www.rivera.gub.uy\/social\/coro-municipal-actuo-en-carmelo\/","title":{"rendered":"Coro Municipal actu\u00f3 en Carmelo"},"content":{"rendered":"<p>El pasado s\u00e1bado 8, \u00abVoces de mi Ciudad\u00bb de la Intendencia Departamental de Rivera,\u00a0 particip\u00f3 en el festival \u00abCarmelo Canto 2018\u00bb. <!--more--><br \/>\nEl Coro, dirigido por la Profesora Teresita Ribeiro y con el acompa\u00f1amiento del pianista Profesor Andr\u00e9s Ib\u00e1\u00f1ez, present\u00f3 un muy variado repertorio que fue muy aplaudido por el auditorio.<\/p>\n<div id='gallery-1' class='gallery galleryid-4070 gallery-columns-2 gallery-size-thumbnail'><figure class='gallery-item'>\n\t\t\t<div class='gallery-icon landscape'>\n\t\t\t\t<a href='https:\/\/www.rivera.gub.uy\/social\/wp-content\/uploads\/2018\/09\/coro-en-carmelo-1.jpg'><img loading=\"lazy\" decoding=\"async\" width=\"150\" height=\"150\" src=\"https:\/\/www.rivera.gub.uy\/social\/wp-content\/uploads\/2018\/09\/coro-en-carmelo-1-150x150.jpg\" class=\"attachment-thumbnail size-thumbnail\" alt=\"\" \/><\/a>\n\t\t\t<\/div><\/figure><figure class='gallery-item'>\n\t\t\t<div class='gallery-icon landscape'>\n\t\t\t\t<a href='https:\/\/www.rivera.gub.uy\/social\/wp-content\/uploads\/2018\/09\/coro-en-carmelo-2.jpg'><img loading=\"lazy\" decoding=\"async\" width=\"150\" height=\"150\" src=\"https:\/\/www.rivera.gub.uy\/social\/wp-content\/uploads\/2018\/09\/coro-en-carmelo-2-150x150.jpg\" class=\"attachment-thumbnail size-thumbnail\" alt=\"\" \/><\/a>\n\t\t\t<\/div><\/figure>\n\t\t<\/div>\n\n","protected":false},"excerpt":{"rendered":"<p>El pasado s\u00e1bado 8, \u00abVoces de mi Ciudad\u00bb de la Intendencia Departamental de Rivera,\u00a0 particip\u00f3 en el festival \u00abCarmelo Canto 2018\u00bb.<\/p>\n","protected":false},"author":2,"featured_media":4072,"comment_status":"open","ping_status":"open","sticky":false,"template":"","format":"standard","meta":{"footnotes":""},"categories":[8,1],"tags":[197,196,38,17,198],"_links":{"self":[{"href":"https:\/\/www.rivera.gub.uy\/social\/wp-json\/wp\/v2\/posts\/4070"}],"collection":[{"href":"https:\/\/www.rivera.gub.uy\/social\/wp-json\/wp\/v2\/posts"}],"about":[{"href":"https:\/\/www.rivera.gub.uy\/social\/wp-json\/wp\/v2\/types\/post"}],"author":[{"embeddable":true,"href":"https:\/\/www.rivera.gub.uy\/social\/wp-json\/wp\/v2\/users\/2"}],"replies":[{"embeddable":true,"href":"https:\/\/www.rivera.gub.uy\/social\/wp-json\/wp\/v2\/comments?post=4070"}],"version-history":[{"count":1,"href":"https:\/\/www.rivera.gub.uy\/social\/wp-json\/wp\/v2\/posts\/4070\/revisions"}],"predecessor-version":[{"id":4073,"href":"https:\/\/www.rivera.gub.uy\/social\/wp-json\/wp\/v2\/posts\/4070\/revisions\/4073"}],"wp:featuredmedia":[{"embeddable":true,"href":"https:\/\/www.rivera.gub.uy\/social\/wp-json\/wp\/v2\/media\/4072"}],"wp:attachment":[{"href":"https:\/\/www.rivera.gub.uy\/social\/wp-json\/wp\/v2\/media?parent=4070"}],"wp:term":[{"taxonomy":"category","embeddable":true,"href":"https:\/\/www.rivera.gub.uy\/social\/wp-json\/wp\/v2\/categories?post=4070"},{"taxonomy":"post_tag","embeddable":true,"href":"https:\/\/www.rivera.gub.uy\/social\/wp-json\/wp\/v2\/tags?post=4070"}],"curies":[{"name":"wp","href":"https:\/\/api.w.org\/{rel}","templated":true}]}}