{"id":4081,"date":"2018-09-21T15:11:05","date_gmt":"2018-09-21T15:11:05","guid":{"rendered":"http:\/\/rivera.gub.uy\/social\/?p=4081"},"modified":"2018-09-21T15:11:05","modified_gmt":"2018-09-21T15:11:05","slug":"dia-de-la-cultura-gaucha","status":"publish","type":"post","link":"https:\/\/www.rivera.gub.uy\/social\/dia-de-la-cultura-gaucha\/","title":{"rendered":"D\u00eda de la Cultura Gaucha"},"content":{"rendered":"<p>El d\u00eda 20 de setiembre se celebro el D\u00eda de la Cultura Gaucha en la Plaza Flores, organizado por la Direcci\u00f3n General de Promoci\u00f3n y Acci\u00f3n Social, a trav\u00e9s de la<a href=\"http:\/\/rivera.gub.uy\/social\/cultura\/\"> Divisi\u00f3n Cultura<\/a>.<br \/>\nActuaron: Ballet Folcl\u00f3rico Municipal, Academia Ceci Gatos, Banda Ari Souza y\u00a0 Puro Chamuyo.<\/p>\n<p><!--more-->Fotos: Ruben Silva (Prensa IDR)<\/p>\n<p><img loading=\"lazy\" decoding=\"async\" class=\"alignnone size-medium wp-image-4083\" src=\"http:\/\/rivera.gub.uy\/social\/wp-content\/uploads\/2018\/09\/600ddabc-29d9-494c-afba-427827da8d24-300x169.jpg\" alt=\"\" width=\"300\" height=\"169\" srcset=\"https:\/\/www.rivera.gub.uy\/social\/wp-content\/uploads\/2018\/09\/600ddabc-29d9-494c-afba-427827da8d24-300x169.jpg 300w, https:\/\/www.rivera.gub.uy\/social\/wp-content\/uploads\/2018\/09\/600ddabc-29d9-494c-afba-427827da8d24-768x432.jpg 768w, https:\/\/www.rivera.gub.uy\/social\/wp-content\/uploads\/2018\/09\/600ddabc-29d9-494c-afba-427827da8d24-1024x576.jpg 1024w, https:\/\/www.rivera.gub.uy\/social\/wp-content\/uploads\/2018\/09\/600ddabc-29d9-494c-afba-427827da8d24-820x461.jpg 820w, https:\/\/www.rivera.gub.uy\/social\/wp-content\/uploads\/2018\/09\/600ddabc-29d9-494c-afba-427827da8d24.jpg 1600w\" sizes=\"(max-width: 300px) 100vw, 300px\" \/> <img loading=\"lazy\" decoding=\"async\" class=\"alignnone size-medium wp-image-4084\" src=\"http:\/\/rivera.gub.uy\/social\/wp-content\/uploads\/2018\/09\/3128ce1c-8648-4a0b-a71b-f2e141e4afde-300x169.jpg\" alt=\"\" width=\"300\" height=\"169\" srcset=\"https:\/\/www.rivera.gub.uy\/social\/wp-content\/uploads\/2018\/09\/3128ce1c-8648-4a0b-a71b-f2e141e4afde-300x169.jpg 300w, https:\/\/www.rivera.gub.uy\/social\/wp-content\/uploads\/2018\/09\/3128ce1c-8648-4a0b-a71b-f2e141e4afde-768x432.jpg 768w, https:\/\/www.rivera.gub.uy\/social\/wp-content\/uploads\/2018\/09\/3128ce1c-8648-4a0b-a71b-f2e141e4afde-1024x576.jpg 1024w, https:\/\/www.rivera.gub.uy\/social\/wp-content\/uploads\/2018\/09\/3128ce1c-8648-4a0b-a71b-f2e141e4afde-820x461.jpg 820w, https:\/\/www.rivera.gub.uy\/social\/wp-content\/uploads\/2018\/09\/3128ce1c-8648-4a0b-a71b-f2e141e4afde.jpg 1600w\" sizes=\"(max-width: 300px) 100vw, 300px\" \/><\/p>\n<p><img loading=\"lazy\" decoding=\"async\" class=\"alignnone size-medium wp-image-4086\" src=\"http:\/\/rivera.gub.uy\/social\/wp-content\/uploads\/2018\/09\/f4e03d15-c1f3-4178-884d-d320e8358220-300x169.jpg\" alt=\"\" width=\"300\" height=\"169\" srcset=\"https:\/\/www.rivera.gub.uy\/social\/wp-content\/uploads\/2018\/09\/f4e03d15-c1f3-4178-884d-d320e8358220-300x169.jpg 300w, https:\/\/www.rivera.gub.uy\/social\/wp-content\/uploads\/2018\/09\/f4e03d15-c1f3-4178-884d-d320e8358220-768x432.jpg 768w, https:\/\/www.rivera.gub.uy\/social\/wp-content\/uploads\/2018\/09\/f4e03d15-c1f3-4178-884d-d320e8358220-1024x576.jpg 1024w, https:\/\/www.rivera.gub.uy\/social\/wp-content\/uploads\/2018\/09\/f4e03d15-c1f3-4178-884d-d320e8358220-820x461.jpg 820w, https:\/\/www.rivera.gub.uy\/social\/wp-content\/uploads\/2018\/09\/f4e03d15-c1f3-4178-884d-d320e8358220.jpg 1600w\" sizes=\"(max-width: 300px) 100vw, 300px\" \/>\u00a0<img loading=\"lazy\" decoding=\"async\" class=\"alignnone size-medium wp-image-4085\" src=\"http:\/\/rivera.gub.uy\/social\/wp-content\/uploads\/2018\/09\/be3f597d-9ae1-46b8-8c2a-260624096b4a-300x169.jpg\" alt=\"\" width=\"300\" height=\"169\" srcset=\"https:\/\/www.rivera.gub.uy\/social\/wp-content\/uploads\/2018\/09\/be3f597d-9ae1-46b8-8c2a-260624096b4a-300x169.jpg 300w, https:\/\/www.rivera.gub.uy\/social\/wp-content\/uploads\/2018\/09\/be3f597d-9ae1-46b8-8c2a-260624096b4a-768x432.jpg 768w, https:\/\/www.rivera.gub.uy\/social\/wp-content\/uploads\/2018\/09\/be3f597d-9ae1-46b8-8c2a-260624096b4a-1024x576.jpg 1024w, https:\/\/www.rivera.gub.uy\/social\/wp-content\/uploads\/2018\/09\/be3f597d-9ae1-46b8-8c2a-260624096b4a-820x461.jpg 820w, https:\/\/www.rivera.gub.uy\/social\/wp-content\/uploads\/2018\/09\/be3f597d-9ae1-46b8-8c2a-260624096b4a.jpg 1600w\" sizes=\"(max-width: 300px) 100vw, 300px\" \/><\/p>\n","protected":false},"excerpt":{"rendered":"<p>El d\u00eda 20 de setiembre se celebro el D\u00eda de la Cultura Gaucha en la Plaza Flores, organizado por la Direcci\u00f3n General de Promoci\u00f3n y Acci\u00f3n Social, a trav\u00e9s de la Divisi\u00f3n Cultura. Actuaron: Ballet Folcl\u00f3rico Municipal, Academia Ceci Gatos, Banda Ari Souza y\u00a0 Puro Chamuyo.<\/p>\n","protected":false},"author":3,"featured_media":4082,"comment_status":"open","ping_status":"open","sticky":false,"template":"","format":"standard","meta":{"footnotes":""},"categories":[8,7,9],"tags":[205,58,204,202,203,206,148,17,159],"_links":{"self":[{"href":"https:\/\/www.rivera.gub.uy\/social\/wp-json\/wp\/v2\/posts\/4081"}],"collection":[{"href":"https:\/\/www.rivera.gub.uy\/social\/wp-json\/wp\/v2\/posts"}],"about":[{"href":"https:\/\/www.rivera.gub.uy\/social\/wp-json\/wp\/v2\/types\/post"}],"author":[{"embeddable":true,"href":"https:\/\/www.rivera.gub.uy\/social\/wp-json\/wp\/v2\/users\/3"}],"replies":[{"embeddable":true,"href":"https:\/\/www.rivera.gub.uy\/social\/wp-json\/wp\/v2\/comments?post=4081"}],"version-history":[{"count":4,"href":"https:\/\/www.rivera.gub.uy\/social\/wp-json\/wp\/v2\/posts\/4081\/revisions"}],"predecessor-version":[{"id":4090,"href":"https:\/\/www.rivera.gub.uy\/social\/wp-json\/wp\/v2\/posts\/4081\/revisions\/4090"}],"wp:featuredmedia":[{"embeddable":true,"href":"https:\/\/www.rivera.gub.uy\/social\/wp-json\/wp\/v2\/media\/4082"}],"wp:attachment":[{"href":"https:\/\/www.rivera.gub.uy\/social\/wp-json\/wp\/v2\/media?parent=4081"}],"wp:term":[{"taxonomy":"category","embeddable":true,"href":"https:\/\/www.rivera.gub.uy\/social\/wp-json\/wp\/v2\/categories?post=4081"},{"taxonomy":"post_tag","embeddable":true,"href":"https:\/\/www.rivera.gub.uy\/social\/wp-json\/wp\/v2\/tags?post=4081"}],"curies":[{"name":"wp","href":"https:\/\/api.w.org\/{rel}","templated":true}]}}