{"id":409,"date":"2017-08-18T19:25:45","date_gmt":"2017-08-18T19:25:45","guid":{"rendered":"http:\/\/rivera.gub.uy\/social\/?p=409"},"modified":"2017-09-04T23:45:24","modified_gmt":"2017-09-04T23:45:24","slug":"curso-de-peluqueria-en-centro-barrial-la-hormiga","status":"publish","type":"post","link":"https:\/\/www.rivera.gub.uy\/social\/curso-de-peluqueria-en-centro-barrial-la-hormiga\/","title":{"rendered":"Curso de Peluquer\u00eda en Centro Barrial La Hormiga"},"content":{"rendered":"<p>En el Centro barrial de <em><strong>Paso de<\/strong><\/em>\u00a0<strong><em>la Hormiga, <\/em><\/strong>se realiza el <strong><em>Curso de Peluquer\u00eda,\u00a0<\/em><\/strong>a\u00a0cargo de la Prof. Susan L\u00f3pez<strong><em>. \u00a0 \u00a0 \u00a0 \u00a0 \u00a0 \u00a0 \u00a0 \u00a0\u00a0<\/em><\/strong><\/p>\n<p><!--more--><\/p>\n<p style=\"text-align: left\">Una vez a la semana, dos de los alumnos junto a la profesora acompa\u00f1an al <strong><em>Expreso Esperanza<\/em><\/strong>. Recorren el interior del departamento llevando el corte de cabello como un servicio requerido en los lugares m\u00e1s distantes, conformando as\u00ed una instancia que tienen los alumnos para vivenciar su futura profesi\u00f3n.<\/p>\n<p>Asisten actualmente \u00a0un total de 14 alumnos, el\u00a0Curso se dicta semanalmente.<\/p>\n<p>Por futuras inscripciones dirigirse al centro Barrial.<\/p>\n<p>&nbsp;<\/p>\n","protected":false},"excerpt":{"rendered":"<p>En el Centro barrial de Paso de\u00a0la Hormiga, se realiza el Curso de Peluquer\u00eda,\u00a0a\u00a0cargo de la Prof. Susan L\u00f3pez. \u00a0 \u00a0 \u00a0 \u00a0 \u00a0 \u00a0 \u00a0 \u00a0\u00a0<\/p>\n","protected":false},"author":7,"featured_media":410,"comment_status":"open","ping_status":"open","sticky":false,"template":"","format":"standard","meta":{"footnotes":""},"categories":[6,1],"tags":[20,45,44],"_links":{"self":[{"href":"https:\/\/www.rivera.gub.uy\/social\/wp-json\/wp\/v2\/posts\/409"}],"collection":[{"href":"https:\/\/www.rivera.gub.uy\/social\/wp-json\/wp\/v2\/posts"}],"about":[{"href":"https:\/\/www.rivera.gub.uy\/social\/wp-json\/wp\/v2\/types\/post"}],"author":[{"embeddable":true,"href":"https:\/\/www.rivera.gub.uy\/social\/wp-json\/wp\/v2\/users\/7"}],"replies":[{"embeddable":true,"href":"https:\/\/www.rivera.gub.uy\/social\/wp-json\/wp\/v2\/comments?post=409"}],"version-history":[{"count":10,"href":"https:\/\/www.rivera.gub.uy\/social\/wp-json\/wp\/v2\/posts\/409\/revisions"}],"predecessor-version":[{"id":1041,"href":"https:\/\/www.rivera.gub.uy\/social\/wp-json\/wp\/v2\/posts\/409\/revisions\/1041"}],"wp:featuredmedia":[{"embeddable":true,"href":"https:\/\/www.rivera.gub.uy\/social\/wp-json\/wp\/v2\/media\/410"}],"wp:attachment":[{"href":"https:\/\/www.rivera.gub.uy\/social\/wp-json\/wp\/v2\/media?parent=409"}],"wp:term":[{"taxonomy":"category","embeddable":true,"href":"https:\/\/www.rivera.gub.uy\/social\/wp-json\/wp\/v2\/categories?post=409"},{"taxonomy":"post_tag","embeddable":true,"href":"https:\/\/www.rivera.gub.uy\/social\/wp-json\/wp\/v2\/tags?post=409"}],"curies":[{"name":"wp","href":"https:\/\/api.w.org\/{rel}","templated":true}]}}