{"id":4097,"date":"2018-09-22T21:20:05","date_gmt":"2018-09-22T21:20:05","guid":{"rendered":"http:\/\/rivera.gub.uy\/social\/?p=4097"},"modified":"2018-09-22T21:20:05","modified_gmt":"2018-09-22T21:20:05","slug":"la-seleccion-de-rivera-compite-este-fin-de-semana-en-salto","status":"publish","type":"post","link":"https:\/\/www.rivera.gub.uy\/social\/la-seleccion-de-rivera-compite-este-fin-de-semana-en-salto\/","title":{"rendered":"La Selecci\u00f3n de Rivera compite este fin de semana en Salto."},"content":{"rendered":"<div class=\"\">\n<div class=\"_1mf _1mj\">En la tarde de ayer (21), el Director de Deportes, Lic. Horacio Hern\u00e1ndez, hizo la entrega de la bandera de Rivera a los chiquilines de la Selecci\u00f3n Sub 13 de Basket.<\/div>\n<\/div>\n<div class=\"\">\n<div class=\"_1mf _1mj\"><span>Ya se pasaron unos cuantos a\u00f1os que el departamento no tiene representaci\u00f3n en competencias nacionales. <\/span><\/div>\n<div class=\"_1mf _1mj\"><span>En tres a\u00f1os ininterrumpidos de trabajo de la Liga de Basketball de Rivera en conjunto con la Intendencia Departamental con el apoyo de Amigos de Deporte Riverense, se han conquistados important\u00edsimos logros.<\/span><\/div>\n<\/div>\n<div class=\"\">\n<div class=\"_1mf _1mj\"><span>Hoy (22) y ma\u00f1ana domingo (23) la Selecci\u00f3n Sub 13 compite en el Torneo de Selecciones en Salto.<\/span><\/div>\n<\/div>\n","protected":false},"excerpt":{"rendered":"<p>En la tarde de ayer (21), el Director de Deportes, Lic. Horacio Hern\u00e1ndez, hizo la entrega de la bandera de Rivera a los chiquilines de la Selecci\u00f3n Sub 13 de Basket. Ya se pasaron unos cuantos a\u00f1os que el departamento no tiene representaci\u00f3n en competencias nacionales. En tres a\u00f1os ininterrumpidos de trabajo de la Liga [&hellip;]<\/p>\n","protected":false},"author":4,"featured_media":4098,"comment_status":"open","ping_status":"open","sticky":false,"template":"","format":"standard","meta":{"footnotes":""},"categories":[6,8,5,1,7,9],"tags":[],"_links":{"self":[{"href":"https:\/\/www.rivera.gub.uy\/social\/wp-json\/wp\/v2\/posts\/4097"}],"collection":[{"href":"https:\/\/www.rivera.gub.uy\/social\/wp-json\/wp\/v2\/posts"}],"about":[{"href":"https:\/\/www.rivera.gub.uy\/social\/wp-json\/wp\/v2\/types\/post"}],"author":[{"embeddable":true,"href":"https:\/\/www.rivera.gub.uy\/social\/wp-json\/wp\/v2\/users\/4"}],"replies":[{"embeddable":true,"href":"https:\/\/www.rivera.gub.uy\/social\/wp-json\/wp\/v2\/comments?post=4097"}],"version-history":[{"count":2,"href":"https:\/\/www.rivera.gub.uy\/social\/wp-json\/wp\/v2\/posts\/4097\/revisions"}],"predecessor-version":[{"id":4142,"href":"https:\/\/www.rivera.gub.uy\/social\/wp-json\/wp\/v2\/posts\/4097\/revisions\/4142"}],"wp:featuredmedia":[{"embeddable":true,"href":"https:\/\/www.rivera.gub.uy\/social\/wp-json\/wp\/v2\/media\/4098"}],"wp:attachment":[{"href":"https:\/\/www.rivera.gub.uy\/social\/wp-json\/wp\/v2\/media?parent=4097"}],"wp:term":[{"taxonomy":"category","embeddable":true,"href":"https:\/\/www.rivera.gub.uy\/social\/wp-json\/wp\/v2\/categories?post=4097"},{"taxonomy":"post_tag","embeddable":true,"href":"https:\/\/www.rivera.gub.uy\/social\/wp-json\/wp\/v2\/tags?post=4097"}],"curies":[{"name":"wp","href":"https:\/\/api.w.org\/{rel}","templated":true}]}}