{"id":4107,"date":"2018-09-26T14:01:22","date_gmt":"2018-09-26T14:01:22","guid":{"rendered":"http:\/\/rivera.gub.uy\/social\/?p=4107"},"modified":"2018-09-26T14:01:22","modified_gmt":"2018-09-26T14:01:22","slug":"bicicleteada-interliceal","status":"publish","type":"post","link":"https:\/\/www.rivera.gub.uy\/social\/bicicleteada-interliceal\/","title":{"rendered":"Bicicleteada Interliceal"},"content":{"rendered":"<div class=\"\">\n<h4 class=\"_1mf _1mj\">Ma\u00f1ana jueves (27) los liceos de nuestra cuidad compartir\u00e1n un ma\u00f1ana a todo pedal y diversi\u00f3n!<\/h4>\n<\/div>\n<div class=\"\">\n<h5 class=\"_1mf _1mj\"><span>Divisi\u00f3n Deportes de la Intendencia de Rivera en conjunto con el Consejo de Educaci\u00f3n Secundaria, organizan la primera Bicicleteada Interliceal con el apoyo de la Direcci\u00f3n Departamental de Salud, promoviendo la actividad f\u00edsica y las buenas pr\u00e1cticas de salud entre nuestros j\u00f3venes.<\/span><\/h5>\n<\/div>\n<div class=\"\">\n<div class=\"_1mf _1mj\"><span>\u00a0<\/span><\/div>\n<\/div>\n<div class=\"\">\n<div class=\"_1mf _1mj\"><span>Puntos de partidas a la hora 9:00 de cada Liceo:<\/span><\/div>\n<\/div>\n<div class=\"\">\n<div class=\"_1mf _1mj\"><span>&#8211; Liceo 4, parte de su propio Liceo.<\/span><\/div>\n<\/div>\n<div class=\"\">\n<div class=\"_1mf _1mj\"><span>&#8211; Liceo 8, parte de su propio Liceo.<\/span><\/div>\n<\/div>\n<div class=\"\">\n<div class=\"_1mf _1mj\"><span>&#8211; Liceo 3 y 7, parten de Reyles y Tranqueras<\/span><\/div>\n<\/div>\n<div class=\"\">\n<div class=\"_1mf _1mj\"><span>&#8211; Liceos 1 y 6, parten del Liceo 1<\/span><\/div>\n<\/div>\n<div class=\"\">\n<div class=\"_1mf _1mj\"><span>&#8211; Liceo 2 y 5, parten de Cuar\u00f3 y S\u00e1nchez.<\/span><\/div>\n<\/div>\n<div class=\"\">\n<div class=\"_1mf _1mj\"><span>\u00a0<\/span><\/div>\n<\/div>\n<div class=\"\">\n<div class=\"_1mf _1mj\"><span>Luego la concentraci\u00f3n de todos los grupos es en el Estadio Atilio Paiva Olivera, donde recorrer\u00e1n Av. Italia, Pte. Viera, Ituzaing\u00f3, Treinta y Tres, Av. Sarand\u00ed hasta el Shopping Melancia donde los espera una serie de actividades recreativas con regalos, premios, y diversos stands con hidrataci\u00f3n, frutas y controles b\u00e1sicos de salud. <\/span><\/div>\n<\/div>\n<div class=\"\"><\/div>\n","protected":false},"excerpt":{"rendered":"<p>Ma\u00f1ana jueves (27) los liceos de nuestra cuidad compartir\u00e1n un ma\u00f1ana a todo pedal y diversi\u00f3n! Divisi\u00f3n Deportes de la Intendencia de Rivera en conjunto con el Consejo de Educaci\u00f3n Secundaria, organizan la primera Bicicleteada Interliceal con el apoyo de la Direcci\u00f3n Departamental de Salud, promoviendo la actividad f\u00edsica y las buenas pr\u00e1cticas de salud [&hellip;]<\/p>\n","protected":false},"author":4,"featured_media":4108,"comment_status":"open","ping_status":"open","sticky":false,"template":"","format":"standard","meta":{"footnotes":""},"categories":[6,8,5,1,7,9],"tags":[],"_links":{"self":[{"href":"https:\/\/www.rivera.gub.uy\/social\/wp-json\/wp\/v2\/posts\/4107"}],"collection":[{"href":"https:\/\/www.rivera.gub.uy\/social\/wp-json\/wp\/v2\/posts"}],"about":[{"href":"https:\/\/www.rivera.gub.uy\/social\/wp-json\/wp\/v2\/types\/post"}],"author":[{"embeddable":true,"href":"https:\/\/www.rivera.gub.uy\/social\/wp-json\/wp\/v2\/users\/4"}],"replies":[{"embeddable":true,"href":"https:\/\/www.rivera.gub.uy\/social\/wp-json\/wp\/v2\/comments?post=4107"}],"version-history":[{"count":1,"href":"https:\/\/www.rivera.gub.uy\/social\/wp-json\/wp\/v2\/posts\/4107\/revisions"}],"predecessor-version":[{"id":4109,"href":"https:\/\/www.rivera.gub.uy\/social\/wp-json\/wp\/v2\/posts\/4107\/revisions\/4109"}],"wp:featuredmedia":[{"embeddable":true,"href":"https:\/\/www.rivera.gub.uy\/social\/wp-json\/wp\/v2\/media\/4108"}],"wp:attachment":[{"href":"https:\/\/www.rivera.gub.uy\/social\/wp-json\/wp\/v2\/media?parent=4107"}],"wp:term":[{"taxonomy":"category","embeddable":true,"href":"https:\/\/www.rivera.gub.uy\/social\/wp-json\/wp\/v2\/categories?post=4107"},{"taxonomy":"post_tag","embeddable":true,"href":"https:\/\/www.rivera.gub.uy\/social\/wp-json\/wp\/v2\/tags?post=4107"}],"curies":[{"name":"wp","href":"https:\/\/api.w.org\/{rel}","templated":true}]}}