{"id":4111,"date":"2018-09-27T15:41:30","date_gmt":"2018-09-27T15:41:30","guid":{"rendered":"http:\/\/rivera.gub.uy\/social\/?p=4111"},"modified":"2018-09-27T15:41:30","modified_gmt":"2018-09-27T15:41:30","slug":"multitudinaria-bicicleteada-interliceal","status":"publish","type":"post","link":"https:\/\/www.rivera.gub.uy\/social\/multitudinaria-bicicleteada-interliceal\/","title":{"rendered":"Multitudinaria Bicicleteada Interliceal."},"content":{"rendered":"<p>Sin ninguna duda la ma\u00f1ana de hoy marcar\u00e1 una p\u00e1gina importante en la historia de nuestro departamento.<br \/>\nLuego de muchos a\u00f1os se volvi\u00f3 hace una bicicleteada. Organizada por el Consejo de Educaci\u00f3n Secundaria con el apoyo de la Intendencia Departamental a trav\u00e9s de Divisi\u00f3n Deportes y la Direcci\u00f3n Departamental de Salud. se congregaron cientos de j\u00f3venes de los liceos de Rivera para un paseo cicl\u00edstico por las calles de nuestra cuidad.<span class=\"text_exposed_show\"><br \/>\nCon el trabajo y el esfuerzo de todos, estamos haciendo resurgir los eventos que siempre caracterizaron a nuestra cultura.<br \/>\nVamos por m\u00e1s!<\/span><\/p>\n<p><img loading=\"lazy\" decoding=\"async\" class=\"alignnone size-medium wp-image-4113\" src=\"http:\/\/rivera.gub.uy\/social\/wp-content\/uploads\/2018\/09\/42617471_2089773261074380_2925260104561328128_n-300x201.jpg\" alt=\"\" width=\"300\" height=\"201\" srcset=\"https:\/\/www.rivera.gub.uy\/social\/wp-content\/uploads\/2018\/09\/42617471_2089773261074380_2925260104561328128_n-300x201.jpg 300w, https:\/\/www.rivera.gub.uy\/social\/wp-content\/uploads\/2018\/09\/42617471_2089773261074380_2925260104561328128_n-768x515.jpg 768w, https:\/\/www.rivera.gub.uy\/social\/wp-content\/uploads\/2018\/09\/42617471_2089773261074380_2925260104561328128_n-600x400.jpg 600w, https:\/\/www.rivera.gub.uy\/social\/wp-content\/uploads\/2018\/09\/42617471_2089773261074380_2925260104561328128_n-820x550.jpg 820w, https:\/\/www.rivera.gub.uy\/social\/wp-content\/uploads\/2018\/09\/42617471_2089773261074380_2925260104561328128_n-272x182.jpg 272w, https:\/\/www.rivera.gub.uy\/social\/wp-content\/uploads\/2018\/09\/42617471_2089773261074380_2925260104561328128_n.jpg 960w\" sizes=\"(max-width: 300px) 100vw, 300px\" \/> <img loading=\"lazy\" decoding=\"async\" class=\"alignnone size-medium wp-image-4114\" src=\"http:\/\/rivera.gub.uy\/social\/wp-content\/uploads\/2018\/09\/42622668_2089772821074424_592299097042452480_n-300x200.jpg\" alt=\"\" width=\"300\" height=\"200\" srcset=\"https:\/\/www.rivera.gub.uy\/social\/wp-content\/uploads\/2018\/09\/42622668_2089772821074424_592299097042452480_n-300x200.jpg 300w, https:\/\/www.rivera.gub.uy\/social\/wp-content\/uploads\/2018\/09\/42622668_2089772821074424_592299097042452480_n-768x512.jpg 768w, https:\/\/www.rivera.gub.uy\/social\/wp-content\/uploads\/2018\/09\/42622668_2089772821074424_592299097042452480_n-600x400.jpg 600w, https:\/\/www.rivera.gub.uy\/social\/wp-content\/uploads\/2018\/09\/42622668_2089772821074424_592299097042452480_n-820x547.jpg 820w, https:\/\/www.rivera.gub.uy\/social\/wp-content\/uploads\/2018\/09\/42622668_2089772821074424_592299097042452480_n-272x182.jpg 272w, https:\/\/www.rivera.gub.uy\/social\/wp-content\/uploads\/2018\/09\/42622668_2089772821074424_592299097042452480_n.jpg 960w\" sizes=\"(max-width: 300px) 100vw, 300px\" \/> <img loading=\"lazy\" decoding=\"async\" class=\"alignnone size-medium wp-image-4115\" src=\"http:\/\/rivera.gub.uy\/social\/wp-content\/uploads\/2018\/09\/42650265_2089772827741090_8010027145621405696_n-1-300x198.jpg\" alt=\"\" width=\"300\" height=\"198\" srcset=\"https:\/\/www.rivera.gub.uy\/social\/wp-content\/uploads\/2018\/09\/42650265_2089772827741090_8010027145621405696_n-1-300x198.jpg 300w, https:\/\/www.rivera.gub.uy\/social\/wp-content\/uploads\/2018\/09\/42650265_2089772827741090_8010027145621405696_n-1-768x507.jpg 768w, https:\/\/www.rivera.gub.uy\/social\/wp-content\/uploads\/2018\/09\/42650265_2089772827741090_8010027145621405696_n-1-820x542.jpg 820w, https:\/\/www.rivera.gub.uy\/social\/wp-content\/uploads\/2018\/09\/42650265_2089772827741090_8010027145621405696_n-1.jpg 960w\" sizes=\"(max-width: 300px) 100vw, 300px\" \/> <img loading=\"lazy\" decoding=\"async\" class=\"alignnone size-medium wp-image-4116\" src=\"http:\/\/rivera.gub.uy\/social\/wp-content\/uploads\/2018\/09\/42681072_2089772861074420_8725472146270191616_n-300x200.jpg\" alt=\"\" width=\"300\" height=\"200\" srcset=\"https:\/\/www.rivera.gub.uy\/social\/wp-content\/uploads\/2018\/09\/42681072_2089772861074420_8725472146270191616_n-300x200.jpg 300w, https:\/\/www.rivera.gub.uy\/social\/wp-content\/uploads\/2018\/09\/42681072_2089772861074420_8725472146270191616_n-768x513.jpg 768w, https:\/\/www.rivera.gub.uy\/social\/wp-content\/uploads\/2018\/09\/42681072_2089772861074420_8725472146270191616_n-600x400.jpg 600w, https:\/\/www.rivera.gub.uy\/social\/wp-content\/uploads\/2018\/09\/42681072_2089772861074420_8725472146270191616_n-820x548.jpg 820w, https:\/\/www.rivera.gub.uy\/social\/wp-content\/uploads\/2018\/09\/42681072_2089772861074420_8725472146270191616_n-272x182.jpg 272w, https:\/\/www.rivera.gub.uy\/social\/wp-content\/uploads\/2018\/09\/42681072_2089772861074420_8725472146270191616_n.jpg 960w\" sizes=\"(max-width: 300px) 100vw, 300px\" \/><\/p>\n","protected":false},"excerpt":{"rendered":"<p>Sin ninguna duda la ma\u00f1ana de hoy marcar\u00e1 una p\u00e1gina importante en la historia de nuestro departamento. Luego de muchos a\u00f1os se volvi\u00f3 hace una bicicleteada. Organizada por el Consejo de Educaci\u00f3n Secundaria con el apoyo de la Intendencia Departamental a trav\u00e9s de Divisi\u00f3n Deportes y la Direcci\u00f3n Departamental de Salud. se congregaron cientos de [&hellip;]<\/p>\n","protected":false},"author":4,"featured_media":4112,"comment_status":"open","ping_status":"open","sticky":false,"template":"","format":"standard","meta":{"footnotes":""},"categories":[6,8,5,1,7,9],"tags":[],"_links":{"self":[{"href":"https:\/\/www.rivera.gub.uy\/social\/wp-json\/wp\/v2\/posts\/4111"}],"collection":[{"href":"https:\/\/www.rivera.gub.uy\/social\/wp-json\/wp\/v2\/posts"}],"about":[{"href":"https:\/\/www.rivera.gub.uy\/social\/wp-json\/wp\/v2\/types\/post"}],"author":[{"embeddable":true,"href":"https:\/\/www.rivera.gub.uy\/social\/wp-json\/wp\/v2\/users\/4"}],"replies":[{"embeddable":true,"href":"https:\/\/www.rivera.gub.uy\/social\/wp-json\/wp\/v2\/comments?post=4111"}],"version-history":[{"count":1,"href":"https:\/\/www.rivera.gub.uy\/social\/wp-json\/wp\/v2\/posts\/4111\/revisions"}],"predecessor-version":[{"id":4117,"href":"https:\/\/www.rivera.gub.uy\/social\/wp-json\/wp\/v2\/posts\/4111\/revisions\/4117"}],"wp:featuredmedia":[{"embeddable":true,"href":"https:\/\/www.rivera.gub.uy\/social\/wp-json\/wp\/v2\/media\/4112"}],"wp:attachment":[{"href":"https:\/\/www.rivera.gub.uy\/social\/wp-json\/wp\/v2\/media?parent=4111"}],"wp:term":[{"taxonomy":"category","embeddable":true,"href":"https:\/\/www.rivera.gub.uy\/social\/wp-json\/wp\/v2\/categories?post=4111"},{"taxonomy":"post_tag","embeddable":true,"href":"https:\/\/www.rivera.gub.uy\/social\/wp-json\/wp\/v2\/tags?post=4111"}],"curies":[{"name":"wp","href":"https:\/\/api.w.org\/{rel}","templated":true}]}}