{"id":4118,"date":"2018-10-01T14:57:39","date_gmt":"2018-10-01T14:57:39","guid":{"rendered":"http:\/\/rivera.gub.uy\/social\/?p=4118"},"modified":"2018-10-01T17:54:16","modified_gmt":"2018-10-01T17:54:16","slug":"exposicion-encuentros","status":"publish","type":"post","link":"https:\/\/www.rivera.gub.uy\/social\/exposicion-encuentros\/","title":{"rendered":"Exposici\u00f3n \u00abEncuentros\u00bb"},"content":{"rendered":"<p>Muestra de Arte realizada en octubre de 2018, por el Museo Departamental de Artes Pl\u00e1sticas.<\/p>\n<div id=\"accordion-1\" class=\"accordion no-js\"><\/p>\n<p>\n\t\t\t\t\t<h3 role=\"button\" id=\"accordion-1-t1\" class=\"accordion-title js-accordion-controller\" aria-controls=\"accordion-1-c1\" aria-expanded=\"false\" tabindex=\"0\">\n\t\t\t\tBetty Bras\t\t\t<\/h3>\n\t\t\n\t\t<div id=\"accordion-1-c1\" class=\"accordion-content\" aria-hidden=\"true\">\n\t\t\t<\/p>\n<p class=\"western\">Artista nacida en Fray Bentos el 29 de junio de 1948.<br \/>\nCursa estudios b\u00e1sicos en Montevideo.<br \/>\nDe 1971 a 1973 estudia en la Escuela Nacional de Bellas Artes con Eduardo Yapes y Antonio Ricobaldi.<br \/>\nEntre 1974 y 1984 reside en Porto Alegre y en San Pablo, Brasil, donde estudia Decoraci\u00f3n de Interiores y Fotograf\u00eda. Obtiene un premio de fotograf\u00eda en concurso organizado por el diario Zero Hora de Porto Alegre.<\/p>\n<p class=\"western\">En 1984 retorna al Uruguay fijando su residencia en Rivera, donde estudia cer\u00e1mica y escultura con Luis Alberto Ospitaleche en la Casa de la Cultura.<\/p>\n<p class=\"western\">Exposiciones colectivas:<\/p>\n<ul>\n<li class=\"western\">1989 \u2013 Exposici\u00f3n Colectiva de la Casa de la Cultura de Rivera.<\/li>\n<li class=\"western\">1991 \u2013 Interviene en la muestra colectiva de la Asociaci\u00f3n Espa\u00f1ola de Rivera\n<ul>\n<li class=\"western\">1\u00ba Exposici\u00f3n Binacional de Artistas Pl\u00e1sticos<\/li>\n<li class=\"western\">Expone dos obras en la IV Bienal de Artes Pl\u00e1sticas de Salto<\/li>\n<\/ul>\n<\/li>\n<\/ul>\n<p class=\"western\">Exposiciones Individuales:<\/p>\n<ul>\n<li class=\"western\">1993 \u2013 Intendencia Municipal de Rivera<\/li>\n<li class=\"western\">1995 &#8211; Sala de la Cultura Sant&#8217; Ana do Livramento<\/li>\n<\/ul>\n<p class=\"western\">Premios:<\/p>\n<ul>\n<li class=\"western\">1989 \u2013 3\u00ba premio y una Menci\u00f3n en la VII Exposici\u00f3n de Talleres de la Casa de la Cultura de Rivera<\/li>\n<li class=\"western\">1991 \u2013 3\u00ba Premio en el III Sal\u00f3n Internacional de Invierno en Sant&#8217; Ana do Livramento<\/li>\n<li class=\"western\">1992 \u2013 1\u00ba Premio en el IV Sal\u00f3n Internacional de Invierno en Sant&#8217; Ana do Livramento<\/li>\n<li class=\"western\">1994 \u2013 1\u00ba Premio en el V Sal\u00f3n Internacional de Invierno en Sant&#8217; Ana do Livramento<\/li>\n<\/ul>\n<p>\t\t<\/div>\n\n\t\t<\/p>\n<p>\n\t\t\t\t\t<h3 role=\"button\" id=\"accordion-1-t2\" class=\"accordion-title js-accordion-controller\" aria-controls=\"accordion-1-c2\" aria-expanded=\"false\" tabindex=\"0\">\n\t\t\t\tBruno Acosta\t\t\t<\/h3>\n\t\t\n\t\t<div id=\"accordion-1-c2\" class=\"accordion-content\" aria-hidden=\"true\">\n\t\t\t<\/p>\n<p>2016 &#8211; Egresado de Secundaria &#8211;\u00a0 Especialidad secundaria en Arquitectura<br \/>\n2017 &#8211; Estudiante de Profesorado de Comunicaci\u00f3n Visual y Pl\u00e1stica en Rivera<br \/>\nActualmente es Docente de Artes Pl\u00e1sticas en Colegio Rod\u00f3 \uff0d Rivera. Dictando talleres de arte a alumnos de primaria.<\/p>\n<p>Exposiciones Individuales:<\/p>\n<ul>\n<li>9\/2016 &#8211; Exposici\u00f3n individual de caricaturas, Liceo 7 \uff0d Rivera<\/li>\n<li>07\/2018 &#8211; Exposici\u00f3n individual de arte digital Granada\u00b4s \uff0d Rivera<\/li>\n<\/ul>\n<p>Exposiciones Colectivas<\/p>\n<ul>\n<li>01\/2011 Muestra de arte junto al artista: Est\u00e9fano Far\u00edas<br \/>\nMuseo Departamental de Artes Pl\u00e1sticas \uff0d Rivera<\/li>\n<\/ul>\n<p>Reconocimientos:<\/p>\n<ul>\n<li>2017 \u2013 Reconocimiento de la Intendencia Departamental de Rivera y la DGPAS por contribuciones al Museo Departamental de Artes Pl\u00e1sticas de Rivera<\/li>\n<\/ul>\n<p>\t\t<\/div>\n\n\t\t<\/p>\n<p>\n\t\t\t\t\t<h3 role=\"button\" id=\"accordion-1-t3\" class=\"accordion-title js-accordion-controller\" aria-controls=\"accordion-1-c3\" aria-expanded=\"false\" tabindex=\"0\">\n\t\t\t\tCarolina Espert\t\t\t<\/h3>\n\t\t\n\t\t<div id=\"accordion-1-c3\" class=\"accordion-content\" aria-hidden=\"true\">\n\t\t\t<\/p>\n<p class=\"western\">Naci\u00f3 el 19 de noviembre de 1980 en Montevideo.<br \/>\nEs Licenciada en Administraci\u00f3n, egresada de la UDELAR.<br \/>\nVivi\u00f3 en Rivera desde el 2007 al 2010, para radicarse definitivamente en 2014.<\/p>\n<p class=\"western\">En 2005, comienza a incursionar en el arte, de la mano de la Porf. Ana Campos, en Montevideo, lo cual se transforma en su gran pasi\u00f3n.<\/p>\n<p class=\"western\">Su t\u00e9cnica:<\/p>\n<p class=\"western\">En sus pinturas utiliza las t\u00e9cnicas de relieve 3d. Se denomina pintura Relieve al conjunto de formas que resaltan sobre un plano o superficie.<br \/>\nEste relieve se obtiene con la utilizaci\u00f3n de diferentes tipos de masas, las cuales son moldeadas previamente sobre la superficie de un lienzo.<br \/>\nPosteriormente al secado de la masa, se aplica pintura en acr\u00edlico y acabado con barniz al agua.<\/p>\n<p>En sus obras podemos observar muchos cuadros con flores: son composiciones delicadas, que aportan color y frescura al ambiente.<\/p>\n<p class=\"western\">Son piezas de arte y decoraci\u00f3n \u00fanicas, son obras con textura original, de m\u00e1xima calidad, que luce colores brillantes, un aspecto noble, aut\u00e9ntico y vivo.<\/p>\n<p>\t\t<\/div>\n\n\t\t<\/p>\n<p>\n\t\t\t\t\t<h3 role=\"button\" id=\"accordion-1-t4\" class=\"accordion-title js-accordion-controller\" aria-controls=\"accordion-1-c4\" aria-expanded=\"false\" tabindex=\"0\">\n\t\t\t\tJos\u00e9 Balao\t\t\t<\/h3>\n\t\t\n\t\t<div id=\"accordion-1-c4\" class=\"accordion-content\" aria-hidden=\"true\">\n\t\t\t<\/p>\n<p>Nace en Castillos, Dto. de Rocha, el 25 de enero de 1954.<\/p>\n<ul>\n<li>1986, inicia estudios de Cer\u00e1mica con Luis Ospitaleche en Casa de la Cultura, Rivera;\n<ul>\n<li>4\u00b0 Exposici\u00f3n anual Casa de la Cultura<\/li>\n<\/ul>\n<\/li>\n<li>1987- 1\u00b0 Bienal de Cer\u00e1mica Uruguaya, Asoc. Cristiana de J\u00f3venes, Montevideo\n<ul>\n<li>5\u00b0 Exposici\u00f3n anual Casa de la Cultura<\/li>\n<\/ul>\n<\/li>\n<li>1988- Nuestro Arte, Teatro Municipal de Rivera\n<ul>\n<li>6\u00b0 Exposici\u00f3n anual Casa de la Cultura<\/li>\n<\/ul>\n<\/li>\n<li>1990-individual en Teatro Municipal de Rivera\n<ul>\n<li>8\u00b0Exposici\u00f3n anual Casa de la Cultura<\/li>\n<\/ul>\n<\/li>\n<li>1991- Menci\u00f3n en III Sal\u00f3n de Invierno. Livramento\n<ul>\n<li>Colectiva en Asociaci\u00f3n Espa\u00f1ola, Rivera<\/li>\n<li>Exposici\u00f3n Binacional de Artistas Pl\u00e1sticas, Intendencia Municipal de Rivera<\/li>\n<li>9\u00b0Exposici\u00f3n anual Casa de la Cultura<\/li>\n<\/ul>\n<\/li>\n<li>1992 &#8211; 1\u00b0 Premio Cer\u00e1mica IV Sal\u00f3n de Invierno, Livramento\n<ul>\n<li>IV Bienal de Salto<\/li>\n<li>10\u00b0 Exposici\u00f3n anual Casa de la Cultura<\/li>\n<\/ul>\n<\/li>\n<li>1993 &#8211; 3\u00b0 Premio Cer\u00e1mica, V Sal\u00f3n de Invierno, Livramento\n<ul>\n<li>Exposici\u00f3n con Rossana Notejane, Intendencia Municipal, Rivera<\/li>\n<li>Colecctiva Acci\u00f3n Solidaria, Teatro Municipal de Rivera<\/li>\n<li>11\u00b0 Exposici\u00f3n anual Casa de la Cultura<\/li>\n<\/ul>\n<\/li>\n<li>1994 &#8211; 1\u00b0 Premio Plaqueta de Oro y 3\u00b0 Premio Medalla de Bronce en VI Sal\u00f3n de Invierno, Livramento\n<ul>\n<li>Expone con Octavio Gonz\u00e1lez Diago en Edificio Libertad, Montevideo<\/li>\n<li>Colectiva en Intendencia Municipal de Rivera<\/li>\n<li>Colectiva en inauguraci\u00f3n Liceo N\u00b0 4, Rivera<\/li>\n<\/ul>\n<\/li>\n<li>1995- Exposici\u00f3n Binacional de Artes Pl\u00e1sticas, Sala Cultural, Livramento\n<ul>\n<li>2\u00b0 Premio Medalla de Plata, VII Sal\u00f3n de Invierno, Livramento.<\/li>\n<\/ul>\n<\/li>\n<\/ul>\n<p>Sus cer\u00e1micas integran:<\/p>\n<ul>\n<li>Acervo del Museo Municipal de Artes Pl\u00e1sticas de Rivera<\/li>\n<li>Colecci\u00f3n Escuela N\u00b06 de M\u00fasica, Rivera<\/li>\n<li>Colecciones privadas de Rivera, Livramento y R\u00edo de Janeiro.<\/li>\n<\/ul>\n<p>\t\t<\/div>\n\n\t\t<\/p>\n<p>\n\t\t\t\t\t<h3 role=\"button\" id=\"accordion-1-t5\" class=\"accordion-title js-accordion-controller\" aria-controls=\"accordion-1-c5\" aria-expanded=\"false\" tabindex=\"0\">\n\t\t\t\tLe\u00f3nidas Bayo\t\t\t<\/h3>\n\t\t\n\t\t<div id=\"accordion-1-c5\" class=\"accordion-content\" aria-hidden=\"true\">\n\t\t\t<\/p>\n<p>Fecha nacimiento 24\/1\/1959<\/p>\n<p>Profesi\u00f3n: Arquitecto.<\/p>\n<p>\u00abAunque nacido en Montevideo, su familia se afinc\u00f3 en Rivera cuando \u00e9l era ni\u00f1o y all\u00ed se cri\u00f3. Al terminar la secundaria se fue a San Pablo a estudiar ingenier\u00eda, pero dos a\u00f1os despu\u00e9s se mud\u00f3 a Porto Alegre para hacer la carrera de arquitectura y urbanismo en la UniRitter, y luego, antes de regresar a Rivera, un posgrado en historia de la arquitectura moderna en la Universidad Federal de R\u00edo Grande del Sur (UFRGS). Hombre de m\u00faltiples intereses, incursion\u00f3 en la m\u00fasica, las artes pl\u00e1sticas, la iluminaci\u00f3n esc\u00e9nica, la creaci\u00f3n de instalaciones en espacios fuera de uso, entre otras inquietudes. Desde la d\u00e9cada de 1990 es miembro de la Comisi\u00f3n Departamental del Patrimonio Hist\u00f3rico y Cultural de Rivera. Integr\u00f3 con sus colegas Pablo Ligrone y Adriana Epifanio el equipo que en 2004 elabor\u00f3 las primeras normativas de ordenamiento territorial de Rivera. Desde 2000 en adelante ha proyectado y llevado a cabo, con la Cuadrilla de Construcciones y otras divisiones de la Intendencia Departamental de Rivera, la remodelaci\u00f3n o creaci\u00f3n de m\u00e1s de doce plazas y espacios p\u00fablicos.\u00bb<\/p>\n<hr \/>\n<p>1985 en Fac. de Arquitectura e Urbanismo, Instituto Ritter Dos Reis. POA. Brasil<\/p>\n<p>Maestr\u00eda: En curso<br \/>\nOrdenamiento Territorial y Desarrollo Urbano &#8211; Facultad de Arquitectura, UDELAR<\/p>\n<p><strong>Cursos y Seminarios:<\/strong><\/p>\n<ul>\n<li>05\/1985 1\u00ba Bienal Internacional de Arquitectura de Buenos Aires, Argentina<\/li>\n<li>08\/1985 Congreso de Urbanismo II-Internacional Cidades do Futuro, Sao Paulo, Brasil.<\/li>\n<li>10\/1987 2\u00ba Seminario-Taller Regional de Pol\u00edticas Sociales, Artigas, Uruguay.<\/li>\n<li>08\/1993 1\u00aa Jornada Internacional de Planejamento Regional e Urbanismo, organizado por la Universidad URCAMP Livramento, Brasil.<\/li>\n<li>11\/1993 Curso para el Desarrollo de Creadores de Empresas organizado por EMPRETEC Uruguay y R\u00edo Grande del Sur, Brasil.<\/li>\n<li>05\/1995 Jornadas de la Luz, organizado por OSRAM, Montevideo, Uruguay.<\/li>\n<li>10\/1995 VI Bienal Internacional de Arquitectura de Buenos Aires, Argentina.<\/li>\n<li>09\/2000 Conferencia sobre \u201cGesti\u00f3n Integral de Residuos S\u00f3lidos\u201d, Rivera, Uruguay.<\/li>\n<li>09\/2001 Seminario de Paisajismo Contempor\u00e1neo, dictado por Martha Schwartz y Dan Pearson, Buenos Aires, Argentina.<\/li>\n<li>03\/2002 Taller de Introducci\u00f3n a la Formulaci\u00f3n y Evaluaci\u00f3n de Proyectos de Inversi\u00f3n, Rivera, Uruguay.<\/li>\n<li>07\/2002 Seminario \u201cUna actualizaci\u00f3n necesaria: Abordajes y pr\u00e1cticas de desarrollo local, Descentralizaci\u00f3n, Participaci\u00f3n y Reforma del Estado, organizado por la Facultad de Ciencias Sociales, Universidad de la Rep\u00fablica del Uruguay, Montevideo, Uruguay.<\/li>\n<li>11\/2002 Curso para la Conservaci\u00f3n, Gesti\u00f3n y Valorizaci\u00f3n de Bienes Culturales en Uruguay, el MERCOSUR y Chile, organizado por la Presidencia de La Rep\u00fablica Oriental del Uruguay, Ministerio de Educaci\u00f3n y Cultura e Instituto Italo-Latino americano.<\/li>\n<li>12\/2002 Forum Internacional La Revitalizaci\u00f3n Urbana en Am\u00e9rica Latina y Europa, organizado por el Instituto Italo-Latino americano.<\/li>\n<li>05\/2003 Curso de especializaci\u00f3n en Gobierno y Administraci\u00f3n Digital, Sociedad de la Informaci\u00f3n, organizado por el Universitario Aut\u00f3nomo del Sur, Millenium 21, Instituto de Estudios Municipales, Rivera, Uruguay.<\/li>\n<li>06\/2003 Curso de especializaci\u00f3n en Gobierno y Administraci\u00f3n Digital, e-Governement y Administraci\u00f3n Digital, organizado por el Universitario Aut\u00f3nomo del Sur, Millenium 21, Instituto de Estudios Municipales, Rivera, Uruguay.<\/li>\n<li>07\/2003 Curso de especializaci\u00f3n en Gobierno y Administraci\u00f3n Digital, e-Commerce e-Business , organizado por el Universitario Aut\u00f3nomo del Sur, Millenium 21, Instituto de Estudios Municipales, Rivera, Uruguay.<\/li>\n<li>08\/2003 Curso de especializaci\u00f3n en Gobierno y Administraci\u00f3n Digital, Calidad y Nueva Econom\u00eda, organizado por el Universitario Aut\u00f3nomo del Sur, Millenium 21, Instituto de Estudios Municipales, Rivera, Uruguay.<\/li>\n<li>10\/2003 Curso de especializaci\u00f3n en Gobierno y Administraci\u00f3n Digital, Seguridad Inform\u00e1tica, organizado por el Universitario Aut\u00f3nomo del Sur, Millenium 21, Instituto de Estudios Municipales, Rivera, Uruguay.<\/li>\n<li>10\/2003 Curso de especializaci\u00f3n en Gobierno y Administraci\u00f3n Digital, Firma Digital, organizado por el Universitario Aut\u00f3nomo del Sur, Millenium 21, Instituto de Estudios Municipales, Rivera, Uruguay.<\/li>\n<li>11\/2003 Seminario Regional Modernizaci\u00f3n del Estado e Integraci\u00f3n Regional: el aporte del Ordenamiento Territorial, Montevideo, Uruguay.<\/li>\n<li>03\/2004 Seminario de Formaci\u00f3n \u201cLa Pol\u00edtica nacional de incitaci\u00f3n a las pr\u00e1cticas del desarrollo local: el ejemplo franc\u00e9s\u201d, organizado por el MVOTMA y Nouveaux Territoires Consultants, Montevideo, Uruguay.<\/li>\n<li>05\/2004 Conferencias sobre Biling\u00fcismo y Educaci\u00f3n, organizado por la Intendencia Municipal de Rivera, Rivera, Uruguay.<\/li>\n<li>07\/2004 Curso de An\u00e1lisis de Costos y Presupuestaci\u00f3n de Obra, dictado por el Ing. Jorge Caviglia, organizado por la Universidad de la Rep\u00fabica, la Intendencia Municipal de Rivera y la Sociedad de Arquitectos del Uruguay, Rivera, Uruguay.<\/li>\n<li>04\/2005 Taller de Capacitaci\u00f3n Impuestos al suelo urbano y recuperaci\u00f3n de plusval\u00edas, organizado por el ISU (Instituto del Suelo Urbano) y Lincoln Institute of Land Policy, realizado en el Sal\u00f3n Azul de la IMM.<\/li>\n<li>2010\/2011\/12 Integra Taller de Artes Visuales Alfredo Torres<\/li>\n<\/ul>\n<p><strong>Proyectos y obras realizadas, ejercicio liberal.<\/strong><\/p>\n<ul>\n<li>Proyecto y Direcci\u00f3n de residencia Flia. Lima<\/li>\n<li>Proyecto y Direcci\u00f3n de Jardines en Terrazas de la Familia Core<\/li>\n<li>Proyecto y Direcci\u00f3n Edificio Residencial Omb\u00fa,<\/li>\n<li>Proyecto, y Direcci\u00f3n y Construcci\u00f3n de Reciclaje para Tienda Lebel,<\/li>\n<li>Proyecto y Direcci\u00f3n de Reciclaje en residencia Anoll\u00e9s, (PATRIMONIO HIST\u00d3RICO), para boutique La Percha y United Colors of Benetton.<\/li>\n<li>Proyecto y Direcci\u00f3n de Reciclaje en residencia Damboriarena para Sede Banco Comercial del Uruguay \u2013 Rivera, (concurso).<\/li>\n<li>Dise\u00f1o de mobiliario interior para Banco Comercial.<\/li>\n<li>Proyecto y Direcci\u00f3n de Block quir\u00fargico para Cl\u00ednica Dr. Gustavo Barboza<\/li>\n<li>Proyecto y Direcci\u00f3n de Reciclaje Casco de chacra Dr. Gustavo Barboza<\/li>\n<li>Proyecto y Direcci\u00f3n de Remodelaci\u00f3n y Ampliaci\u00f3n de residencia Dra. Mirta Malvares.<\/li>\n<li>Proyecto y Direcci\u00f3n de Farmacia Frontera y apartamento.<\/li>\n<li>Proyecto y Direcci\u00f3n Remodelaci\u00f3n y Ampliaci\u00f3n de Flia. Cap\u00f3-Rodr\u00edguez.<\/li>\n<li>Proyecto y Direcci\u00f3n de Residencia Dr. Carlos Correa.<\/li>\n<li>Proyecto y Direcci\u00f3n Residencia de Roberto Perroni, Livramento, Brasil.<\/li>\n<li>Proyecto y Direcci\u00f3n Remodelaci\u00f3n Escuela N\u00ba105 (1993)<\/li>\n<li>Proyecto y Direcci\u00f3n de Reforma fachada Farmacia Frontera Suc. Centro.<\/li>\n<li>Proyecto y Direcci\u00f3n de piscina Banco Caja Obrera.<\/li>\n<li>Proyecto y Direcci\u00f3n Remodelaci\u00f3n residencia familia Zart.<\/li>\n<li>Proyecto y Direcci\u00f3n Remodelaci\u00f3n de Agencia de Quinielas N\u00ba3 (1993)<\/li>\n<li>Proyecto y Direcci\u00f3n Remodelaci\u00f3n de Abitab sucursal Agraciada.<\/li>\n<li>Proyecto y Direcci\u00f3n de Ba\u00f1o Esc. Melgar.<\/li>\n<li>Proyecto y Direcci\u00f3n de Ba\u00f1o Sra. Azucena Andr\u00e9s.<\/li>\n<li>Proyecto y Direcci\u00f3n de residencia Carlos Fagundez en Jardim do Verde.<\/li>\n<li>Proyecto y Direcci\u00f3n de remodelaciones internas varias Panader\u00eda Ripan<\/li>\n<li>Proyecto y Direcci\u00f3n de residencia de Flia. Selegu\u00edn.<\/li>\n<li>Proyecto y Direcci\u00f3n de reforma y ampliaci\u00f3n residencia de Miriam P\u00e9rez.<\/li>\n<li>Proyecto para residencia de L\u00eda Gonz\u00e1lez Gamallo.<\/li>\n<li>Proyecto para patio Flia. Scarone, Punta del Este.<\/li>\n<li>Proyecto y Direcci\u00f3n de ampliaci\u00f3n Iglesia Sagrado Coraz\u00f3n<\/li>\n<li>Proyecto residencia de Flia. Jones.<\/li>\n<li>Proyecto y Direcci\u00f3n residencia Ione G\u00f3mez, Livramento (1994)<\/li>\n<li>Proyecto y Direcci\u00f3n Oficinas Tecno-Agua.<\/li>\n<li>Proyecto residencia de campo Sra. Beatriz Dolls.<\/li>\n<li>Proyecto y Direcci\u00f3n de reforma casco de estancia Pedro Acau\u00e1n.<\/li>\n<li>Proyecto paisaj\u00edstico de Patio &#8211; Jard\u00edn Sr. Astur Lima.<\/li>\n<li>Proyecto y Direcci\u00f3n de jard\u00edn y piscina Flia. Ayala-Fern\u00e1ndez<\/li>\n<li>Proyecto y Direcci\u00f3n remodelaci\u00f3n de discoteca Alkimia, Livramento.<\/li>\n<li>Proyecto y Direcci\u00f3n de casco de estancia Flia. Brizolara-Fros.<\/li>\n<li>Proyecto y Direcci\u00f3n de ampliaci\u00f3n de residencia Alb\u00e9-Bayo, Montevideo.<\/li>\n<li>Proyecto y Direcci\u00f3n de reciclaje de residencia Scarone-Bayo, Montevideo.<\/li>\n<li>Proyecto y Direcci\u00f3n Sandro Vargas Coiffeur<\/li>\n<li>Proyecto y Direcci\u00f3n Restaurante La Le\u00f1a<\/li>\n<li>Proyecto y Direcci\u00f3n Restaurant La Le\u00f1a Shopping Si\u00f1eriz<\/li>\n<li>Proyecto y Direcci\u00f3n Pizzer\u00eda La Le\u00f1a Shopping Si\u00f1eriz<\/li>\n<li>Proyecto y Direcci\u00f3n Bar-Confiteria El Borrego<\/li>\n<li>Proyecto y Direcci\u00f3n Galp\u00f3n Parrillada<\/li>\n<li>Proyecto Residencia Mariana Garragorri.<\/li>\n<li>Proyecto Residencia Juan Ignacio Dos Santos<\/li>\n<li>Proyecto Residencia Filipe Goes y Juliana Fleitas<\/li>\n<li>Proyecto Residencia Claudia De La Barrera<\/li>\n<li>Proyecto Residencia Walkiria y Gerardo Massetti<\/li>\n<\/ul>\n<p><strong>Proyectos y obras realizadas para Intendencia Departamental de Rivera<\/strong><\/p>\n<ul>\n<li>Proyecto y Direcci\u00f3n Plaza Flores<\/li>\n<li>Proyecto y Direcci\u00f3n Pasaje Olintho M\u00aa Simoes<\/li>\n<li>Proyecto y Direcci\u00f3n Salas Velatorias Municipales en Rivera<\/li>\n<li>Proyecto y Direcci\u00f3n Plazuela en Avda. Paul Harris<\/li>\n<li>Proyecto y Direcci\u00f3n de Escuela N\u00ba150 de Pueblo Lagos del Norte<\/li>\n<li>Proyecto y Direcci\u00f3n Plazoleta en Avda. Rep\u00fablica Argentina<\/li>\n<li>Proyecto y Direcci\u00f3n de Pista de Skate en Parque Oriental<\/li>\n<li>Proyecto y Direcci\u00f3n Salas Velatorias Municipales en Pueblo Lapuente<\/li>\n<li>Proyecto y Direcci\u00f3n Terrazas del Parque Oriental<\/li>\n<li>Proyecto y Direcci\u00f3n Playground del Parque Oriental<\/li>\n<li>Proyecto y Direcci\u00f3n cantero central de Avda. W.F. Aldunate.<\/li>\n<li>Proyecto y Direcci\u00f3n Acondicionamiento Paisaj\u00edstico escalera Figueroa<\/li>\n<li>Proyecto y Direcci\u00f3n Plaza Artigas<\/li>\n<li>Proyecto y Direcci\u00f3n de Fuente Ornamental de Plaza Artigas<\/li>\n<li>Proyecto y Direcci\u00f3n Plazoleta de El Omb\u00fa<\/li>\n<li>Proyecto y Direcci\u00f3n Plaza 18 de Julio<\/li>\n<li>Proyecto y Direcci\u00f3n Plaza Luis M\u00aa Techera<\/li>\n<li>Proyecto y Direcci\u00f3n Plaza de La Brigada<\/li>\n<li>Proyecto y Direcci\u00f3n Salas Velatorias Municipales en Pueblo Las Flores<\/li>\n<li>Proyecto y Direcci\u00f3n Monumento a las Brigadas Civiles<\/li>\n<li>Proyecto y Direcci\u00f3n Monumento al Dr. Altivo Esteves<\/li>\n<li>Proyecto y Direcci\u00f3n Monumento a los 100 a\u00f1os de Minas de Corrales<\/li>\n<li>Proyecto y Direcci\u00f3n Plaza Dra. Celia Pomoli<\/li>\n<li>Ante-Proyecto Reacondicionamiento Parque Internacional<\/li>\n<li>Ante-Proyecto Ruinas Usina Cu\u00f1apir\u00fa, Minas de Corrales<\/li>\n<li>Proyecto de equipamientos p\u00fablicos en todas las plazas mencionadas.<\/li>\n<li>Proyecto y Direcci\u00f3n de 4 Centros Barriales del Presupuesto Participativo.<\/li>\n<li>Dise\u00f1o Medalla conmemorativa Brigadas Civiles<\/li>\n<li>Dise\u00f1o Medalla conmemorativa 25 a\u00f1os de FreeShop<\/li>\n<li>Dise\u00f1o Medalla conmemorativa 100 a\u00f1os de Tranqueras<\/li>\n<li>Dise\u00f1o Medalla conmemorativa 50 a\u00f1os de Scouts del Norte<\/li>\n<li>Dise\u00f1o de Estelas, Monolitos y Placas conmemorativas diversas.<\/li>\n<\/ul>\n<p><strong>Cargos desempe\u00f1ados fuera de la actividad profesional liberal<\/strong><\/p>\n<p><strong>Cargos Honorarios<\/strong><\/p>\n<ul>\n<li>Integrante de la Comisi\u00f3n Honoraria de Urbanismo, Intendencia Municipal de Rivera, 1990-1995.<\/li>\n<li>Integrante de la Comisi\u00f3n de Patrimonio Hist\u00f3rico Departamental, 1995-2000 , 2000-2005, 2010-2014.<\/li>\n<li>Integrante de la Comisi\u00f3n Honoraria de la Sala Cultural de Rivera, desde su creaci\u00f3n hasta la fecha.<\/li>\n<li>Curador en la Sala Cultural de Rivera.<\/li>\n<li>Integrante de la Comisi\u00f3n de Obras del Hospital de Rivera desde 2013 al dia de hoy.<\/li>\n<\/ul>\n<p><strong>Cargos Remunerados<\/strong><\/p>\n<ul>\n<li>Director de la Divisi\u00f3n Planeamiento Territorial y Proyectos de la Intendencia Municipal de Rivera, per\u00edodo 2000 hasta la fecha.<\/li>\n<li>Integrante del equipo profesional redactor del Plan de Ordenamiento Territorial y Desarrollo de la Microrregi\u00f3n de Rivera, 2004.<\/li>\n<li>Asesor de la Unidad de Ordenamiento Territorial de la Intendencia Municipal de Rivera, per\u00edodo 2010 hasta la fecha.<\/li>\n<li>Asesor de la Unidad de Proyectos de la DGO- IDR. per\u00edodo 2010 hasta la fecha.<\/li>\n<li>Gestor del equipo profesional creador del Portal Geogr\u00e1fico &#8211; GIS departamental, 2003 hasta la fecha.<\/li>\n<\/ul>\n<p>\t\t<\/div>\n\n\t\t<\/p>\n<p>\n\t\t\t\t\t<h3 role=\"button\" id=\"accordion-1-t6\" class=\"accordion-title js-accordion-controller\" aria-controls=\"accordion-1-c6\" aria-expanded=\"false\" tabindex=\"0\">\n\t\t\t\tLuis Alberto Ospitaleche\t\t\t<\/h3>\n\t\t\n\t\t<div id=\"accordion-1-c6\" class=\"accordion-content\" aria-hidden=\"true\">\n\t\t\t<\/p>\n<p>Nace en Rivera el 17 de noviembre de 1945. Realiza estudios de dibujo y pintura con R\u00faben Quepfert y Edgardo Ribeiro, cer\u00e1mica con Jaime Nowinski, Mario L\u00f3pez lomba y Jos\u00e9 Collel. Es un profesor de dibujo en Secundaria y de Cer\u00e1mica en la Casa de la Cultura de Livramento.<\/p>\n<p>De 1982 a 1995, Profesor de cer\u00e1mica y escultura en la Casa de la Cultura de Rivera.<br \/>\nDesde 1966 expone en forma individual y colectiva en Uruguay y en el exterior siendo las \u00faltimas y m\u00e1s importantes:<\/p>\n<ul>\n<li>1984 \u2013 Alianza Francesa, Montevideo<\/li>\n<li>1987- Galeria de Arte calle Entera, Montevideo<\/li>\n<li>1992 \u2013 El Riverazo, Galeria calle entera, Montevideo; Casino Municipal y Aplas, Salto<\/li>\n<li>1993 \u2013 Individual itinerante por las principales ciudades del interior del Pa\u00eds, organizada por el MEC; Museo de Bellas Artes, Salto; Museo Nacional de Bellas Artes, Asunci\u00f3n, Paraguay: expone en Paysand\u00fa, y en Col\u00f3n, RA, Organizaci\u00f3n de consulado Argentino;<\/li>\n<li>1994 \u2013 Facultad de Arquitectura, Montevideo<\/li>\n<li>1996 \u2013 Facultad de Santa Mar\u00eda, Brasil.<\/li>\n<\/ul>\n<p>Premios:<\/p>\n<ul>\n<li>1983 \u2013 1\u00ba Premmio concurso Escultura, Livramento;<\/li>\n<li>1984 \u2013 Premio Adquisici\u00f3n VI Sal\u00e7on Internacional de Artes Plasticas, Rivera.<\/li>\n<li>1986 \u2013 1\u00ba Premio Escultura VII Sal\u00f3n de Artes de Rivera\n<ul>\n<li>Premio Adquisici\u00f3n VII Sal\u00f3n de Rivera<\/li>\n<li>Seleccionado 1\u00ba Bienarte Alianza Uruguay-EEUU, Montevideo<\/li>\n<\/ul>\n<\/li>\n<li>1987 \u2013 3 menciones de Honor IV Sal\u00f3n de Arte de Bage, Brasil<\/li>\n<li>1988 \u2013 Menci\u00f3n destacada en Escultura en 4\u00ba Sal\u00f3n de Maldonado\n<ul>\n<li>Seleccionado 36 Sal\u00f3n Municipal de Montevideo<\/li>\n<li>Premio Adquisici\u00f3n II Sal\u00f3n Nacional de Rivera<\/li>\n<\/ul>\n<\/li>\n<li>1989 \u2013 Seleccionado 38 Sal\u00f3n Municipal de Expresi\u00f3n Pl\u00e1stica, Montevideo<\/li>\n<li>1990 \u2013 Premio Adquisiciones Banco Rep\u00fablica Sal\u00f3n Tapiz y Cer\u00e1mica<\/li>\n<li>1992 \u2013 Trofeos \u201cMarco de Oro\u201d Junta Departamental, Rivera, y \u201cSemana de la Sand\u00eda\u201d, Rotary Tranqueras\n<ul>\n<li>Medalla IV Bienal de Primavera, Salto<\/li>\n<li>Menci\u00f3n Honor\u00edfica 6\u00ba Bienal de Artes Pl\u00e1sticas, Automovil Club de Uruguay.<\/li>\n<\/ul>\n<\/li>\n<\/ul>\n<p>Sus obras integran museos y colecciones de Am\u00e9rica y Europa.<\/p>\n<p>\t\t<\/div>\n\n\t\t<\/p>\n<p>\n\t\t\t\t\t<h3 role=\"button\" id=\"accordion-1-t7\" class=\"accordion-title js-accordion-controller\" aria-controls=\"accordion-1-c7\" aria-expanded=\"false\" tabindex=\"0\">\n\t\t\t\tMara Paz\t\t\t<\/h3>\n\t\t\n\t\t<div id=\"accordion-1-c7\" class=\"accordion-content\" aria-hidden=\"true\">\n\t\t\t<\/p>\n<p>Yussy Mara Camacho Paz:<\/p>\n<p>Naci\u00f3 en Tacuaremb\u00f3. Con 17 a\u00f1os se radica en nuestra ciudad, donde finaliza los estudios secundarios.<br \/>\nEn la adolescencia se interesa por el entalle en madera (auto-didacta).<br \/>\nEn el a\u00f1o 1999 comienza estudios de dibujo en el Centro CEAC Uruguay (Formaci\u00f3n T\u00e9cnica y Profesional por Correspondencia)<br \/>\nEn este mismo a\u00f1o comienza a frecuentar el Atelier de Elisa Mar\u00eda Santana Holmos, Artista Pl\u00e1stica Santanense.<br \/>\nAll\u00ed da inicio a sus estudios de pintura en tela. Su tema preferido siempre fue el paisaje, t\u00e9cnica \u00f3leo sobre tela. Despu\u00e9s de esta base, surge su inter\u00e9s por el arte abstracto, inspirada en el pintor Kandinsky.<br \/>\nLas investigaciones de la artista comienzan a cambiar considerablemente su paleta y la forma de expresarse pl\u00e1sticamente.<br \/>\nLa soltura, las pinceladas y la libertad del uso de los colores afloran y revelan su imaginario creativo.<br \/>\nEl motivo de querer exponer sus trabajos muestra su madurez en este proceso de crecimiento y tambi\u00e9n su talento.<br \/>\nAqu\u00ed esta el resultado para compartir con Riverenses y Santanenses.<\/p>\n<p>\t\t<\/div>\n\n\t\t<\/p>\n<p>\n\t\t\t\t\t<h3 role=\"button\" id=\"accordion-1-t8\" class=\"accordion-title js-accordion-controller\" aria-controls=\"accordion-1-c8\" aria-expanded=\"false\" tabindex=\"0\">\n\t\t\t\tMar\u00eda Dilama Olivera\t\t\t<\/h3>\n\t\t\n\t\t<div id=\"accordion-1-c8\" class=\"accordion-content\" aria-hidden=\"true\">\n\t\t\t<\/p>\n<ul>\n<li>1974 \u2013 Nace en la Zona Rural Amarillo, 6\u00b0 Secci\u00f3n Judicial del Departamneto de Rivera, Uruguay<\/li>\n<li>1982 \u2013 Ingresa a la Escuela de Artes (ASPES) en Santana do Livramento, RS, Brasil, estudiando con el<br \/>\nprofesor Osmar Santos<\/li>\n<li>1986 \u2013 Ingresa al \u201cCentro de Expresi\u00f3n Art\u00edstica\u201d, estudiando con el Profesor Nelson Ramos, hasta 1996.<br \/>\nDurante este lapso estudi\u00f3 cer\u00e1mica con los profesores: Luis A. Ospitaleche, Roomeu Alvez, Raquel<br \/>\nGutierrez y dibujo con la Profesora Adriana Guti\u00e9rrez.<\/li>\n<li>2001 \u2013 2004 \u2013 Concurre a Montevideo al MEC (Ministerio de Educaci\u00f3n y Cultura) a los talleres para Formaci\u00f3n Docente).<\/li>\n<\/ul>\n<p>Exposiciones Individuales<\/p>\n<ul>\n<li>1992 \u2013 Prefeitura Municipal de Santana do Livramento, RS, Brasil.<\/li>\n<li>1994 \u2013 Teatro Municipal de Rivera, Uruguay.<\/li>\n<li>1995 \u2013 Galer\u00eda \u2013 Taller \u201cBarro Arte\u201d, Rivera, Uruguay.<\/li>\n<li>1996 \u2013 S.E.S.C Santana do Livramento, RS, Brasil.<\/li>\n<li>1997 \u2013 Teatro Municipal de Rivera, Uruguay.<\/li>\n<li>1998 \u2013 B.P.S \u2013 A.T.Y.R. Rivera, Uruguay.<\/li>\n<li>1999 \u2013 Casa de Cultura,. Santana do Livramento, RS, Brasil.<\/li>\n<li>2000 \u2013 B.P.S. &#8211; A.T.Y.R. Ciudad de Durazno, Uruguay.<\/li>\n<li>2001 \u2013 Sala Cultural de ANTEL, Rivera, Uruguay.<\/li>\n<li>2003 \u2013 Casa de la Cultura, Ivo Caggiani, Santana do Livramento, Brasil.<\/li>\n<li>2004 \u2013 Sala Dr. C. Vaz Ferreira, Montevideo, Uruguay.<\/li>\n<li>2006 \u2013 Sala Cultural de ANTEL, Rivera, Uruguay.<\/li>\n<li>2007 \u2013 Club Social Deportivo Uruguay.<\/li>\n<li>2008 \u2013 Casa de Cultura Ivo Caggiani Santana do Livramento, Brasil.<\/li>\n<li>2010 \u2013 Casa de Cultura Ivo Caggiani Santana do Livramento, Brasil.<\/li>\n<li>2012 \u2013 Sala Cultural de ANTEL.<\/li>\n<li>2013 \u2013 Museo Departamental de Artes Pl\u00e1sticas de Rivera, junto a Antonio Higueras.<\/li>\n<li>2014 \u2013 Hall del Teatro Municipal de Rivera.<\/li>\n<li>2016 \u2013 Museo Departamental de Artes Pl\u00e1sticas de Rivera.<\/li>\n<li>2018 \u2013 Restropetiva Casa Cultura, Ivo Caggiani, Livramento, Brasil.<\/li>\n<\/ul>\n<p>Premios<\/p>\n<ul>\n<li>1989 \u2013 Menci\u00f3n Especial 1er\u00a0Sal\u00f3n de Invierno, Santana do Livramento, RS, Brasil.<\/li>\n<li>1990 \u2013 Segundo premio categor\u00eda propuesta ene! 2\u00b0 Sal\u00f3n de Invierno, Santana do Livramento, RS,<br \/>\nBrasil.<\/li>\n<li>1991 \u2013 Primer premio categor\u00eda propuesta en el 3er Sal\u00f3n de Invierno, Santana do Livramento, RS, Brasil.<\/li>\n<li>1992 \u2013 Menci\u00f3n Espacial. Primer Sal\u00f3n de Artes Pl\u00e1sticas y Visuales del Norte Uruguayo \u2013 Rivera.<\/li>\n<li>1993 \u2013 Primer premio categor\u00eda Propuesta en el 5\u00b0 sal\u00f3n Internacional de Invierno de Artes Pl\u00e1sticas de<br \/>\nSantana do Livramento, RS, Brasil.<\/li>\n<li>1994 \u2013 Destaque Especial, en el Concurso \u201c El Arte y el Vino Pinot Noir\u201d de Vinos Finos, Juan Carrau S.A.<\/li>\n<li>2001 \u2013 Menci\u00f3n Especial en el Concurso \u201c El Arte y el Vino Pinot Noir\u201d de Vinos Finos, Juan Carrau S.A.<\/li>\n<li>2008 \u2013 3\u00b0 Premio: 1er Sal\u00f3n Nacional de Pintura de Jubilados y Pensionistas del Uruguay.<\/li>\n<li>2009 \u2013 1\u00b0 Premio: sal\u00f3n Nacional de Pintura de Jubilados y Pensionistas del Uruguay.<\/li>\n<\/ul>\n<p>Exposiciones Colectivas<\/p>\n<ul>\n<li>1984- VI Sal\u00f3n de Artes de Rivera, Uruguay.<\/li>\n<li>1986- VII Sal\u00f3n de Artes de Rivera, Uruguay.<\/li>\n<li>1988- II Sal\u00f3n Nacional de Artes Pl\u00e1sticas de Paysand\u00fa, Uruguay.<\/li>\n<li>1989- Mujeres &#8211; Mulheres, Galer\u00eda Partenon.<\/li>\n<li>1989- IV Sal\u00f3n Nacional de Artes Pl\u00e1sticas de Paysand\u00fa, Uruguay.<\/li>\n<li>1991- Concurso Embajada de Chile en Monteideo, Uruguay.<\/li>\n<li>1999- Sal\u00f3n de Invierno de Santana do Livramento, RS, Brasil.<\/li>\n<li>2000- XV Sal\u00f3n de Artes Pl\u00e1sticas del Sindicato M\u00e9dico del Uruguay.<\/li>\n<li>2001- XVI Sal\u00f3n de Artes Pl\u00e1sticas del Sindicato M\u00e9dico del Uruguay.<\/li>\n<li>2017- Club Uruguay.<\/li>\n<\/ul>\n<p>Desde 1983 ha participado en numerosa muestras colectivas en Rivera, Montevideo, Fray Bentos, Durazno, Tacuaremb\u00f3, Colonia del Sacramento (Uruguay), Santana do Livramento, Alegrete, Porto Alegre y Bag\u00e9 (Brasil)<\/p>\n<p>\t\t<\/div>\n\n\t\t<\/p>\n<p>\n\t\t\t\t\t<h3 role=\"button\" id=\"accordion-1-t9\" class=\"accordion-title js-accordion-controller\" aria-controls=\"accordion-1-c9\" aria-expanded=\"false\" tabindex=\"0\">\n\t\t\t\tMiguel Armand Ug\u00f3n Hourcade\t\t\t<\/h3>\n\t\t\n\t\t<div id=\"accordion-1-c9\" class=\"accordion-content\" aria-hidden=\"true\">\n\t\t\t<\/p>\n<p>Nace en Rivera el 14 de abril de 1951<\/p>\n<p>Estudios:<\/p>\n<ul>\n<li>1984 \u2013 Atelier \u201cEl Nido\u201d, de Estela Paiva, Livramneto\n<ul>\n<li>Tinta china y acuarela, con Atilio Buriano, Montevideo<\/li>\n<\/ul>\n<\/li>\n<li>1985 \u2013 1989 \u2013 Dibujo y pintura con Adriana Guti\u00e9rrez, Taller La Escalinata, Rivera\n<ul>\n<li>En el mismo taller: Teor\u00eda del color con Eduardo Spino y Composici\u00f3n con Julio Bellas<\/li>\n<li>Historia del Arte, cursos de Galer\u00eda Ponto D \u0301Arte, Livramento.<\/li>\n<\/ul>\n<\/li>\n<\/ul>\n<p>Ilustraciones de libros:<\/p>\n<ul>\n<li>Distancias Interiores, Poemas Biling\u00fces de Marilena Paiva Fac\u00edn<\/li>\n<li>Memorias y Desencuentros, de Arturo Cervi\u00f1o<\/li>\n<\/ul>\n<p>Otras Actividades Art\u00edsticas:<\/p>\n<ul>\n<li>Preside por dos per\u00edodos la Asociaci\u00f3n Cultural Pro-Arte Rivera \u2013 Livramento<\/li>\n<li>1991 \u2013 Preside Comisi\u00f3n Amigos del Teatro, y asume la Direcci\u00f3n Honoraria del Teatro Municipal de Rivera<\/li>\n<li>Escenograf\u00eda de Estampas Riverenses, espect\u00e1culo teatral Liceos Rivera<\/li>\n<li>1990 \u2013 Investigaciones en la Escalinata sobre integraci\u00f3n del aluminio con pintura y tapiz<\/li>\n<\/ul>\n<p>Exposiciones:<\/p>\n<ul>\n<li>1984 \u2013 Colegio Gral. Neto, Livramento; Galer\u00eda Ponto D \u0301 Arte, Livramento<\/li>\n<li>1991 \u2013 III Sal\u00f3n de Invierno, Livramneto; Artistas Riverenses, Teatro Municipal; Fiesta de la Sand\u00eda, Tranqueras<\/li>\n<li>1\u00b0 Sal\u00f3n de Norte, Rivera<\/li>\n<li>1992 \u2013 Galer\u00eda Americana, Montevideo: IV Sal\u00f3n de Invierno, Livramento obteniendo el 3\u00b0 Premio en pintura<\/li>\n<li>1993 \u2013 Arte Riverense, Biblioteca Nacional, Montevideo; Sala Pte. Viera, Montevideo<\/li>\n<li>1994 \u2013 VI Sal\u00f3n de Invierno, Livramento, obteniendo el 1\u00ba Premio en Pintura<\/li>\n<li>Arte Local, Plaza Shopping, Rivera<\/li>\n<li>Homens da Terra, Alegrete , Brasil<\/li>\n<li>1995 \u2013 colectiva reinauguraci\u00f3n Museo Municipal de Artes Pl\u00e1sticas, Rivera<\/li>\n<li>Exposici\u00f3n Asociaci\u00f3n de Escribanos del Uruguay, Club Uruguay, Rivera<\/li>\n<li>Conjunta en Galer\u00eda Barro Arte, Rivera<\/li>\n<\/ul>\n<p>\t\t<\/div>\n\n\t\t<\/p>\n<p>\n\t\t\t\t\t<h3 role=\"button\" id=\"accordion-1-t10\" class=\"accordion-title js-accordion-controller\" aria-controls=\"accordion-1-c10\" aria-expanded=\"false\" tabindex=\"0\">\n\t\t\t\tNemecio Su\u00e1rez\t\t\t<\/h3>\n\t\t\n\t\t<div id=\"accordion-1-c10\" class=\"accordion-content\" aria-hidden=\"true\">\n\t\t\t<\/p>\n<p>Nace en Minas de Corrales el 12 de diciembre de 1913.<br \/>\nFallece en Paysand\u00fa el 31 de mayo de 1992.<br \/>\nA la edad de 17 a\u00f1os se radica en Montevideo donde se relaciona a pl\u00e1sticos de la \u00e9poca, especialmente con<br \/>\nescultores .<br \/>\nEn 1943 da a conocer en Montevideo las esculturas que realiza como autodidacta, las que<br \/>\nllaman la atenci\u00f3n de Armando Gonz\u00e1lez, Germ\u00e1n Cabrera y Eduardo Am\u00e9zaga, con quienes manten\u00eda<br \/>\nuna s\u00f3lida amistad.<\/p>\n<p>Motivado por ellos, se presenta a algunos concursos, logrando en 1945 y 1946 dos Primeros Premios con Medalla de Oro en Concursos Departamentales del Ministerio de Instrucci\u00f3n P\u00fablica.<br \/>\nCon cabeza de Ni\u00f1a obediente una Menci\u00f3n en el Sal\u00f3n Interdepartamental de 1945.<\/p>\n<p>En 1948 Armando Gonz\u00e1lez lo contrata como ayudante, en cuyo taller, a lo largo de varios a\u00f1os se perfecciona en<br \/>\nel oficio de escultor. Posteriormente se radica en San Jos\u00e9 y luego en Sierras de Plat\u00f3n de Rivera, donde<br \/>\nconstruye un horno a le\u00f1a para cer\u00e1mica, trabajando con ni\u00f1os de escuelas rurales en expresi\u00f3n pl\u00e1stica.<\/p>\n<p>En 1955, por concurso, pasa a desempe\u00f1arse como profesor de dibujo en el Liceo Departamental de<br \/>\nRivera. Ese mismo a\u00f1o es invitado a integrar la Escuela \u2013 Taller de Artes Pl\u00e1sticas de Rivera, actuando<br \/>\ncomo Director y Profesor de cer\u00e1mica y escultura en el per\u00edodo 1956 \u2013 1966.<\/p>\n<p>En 1966 se radica en la ciudad de Mercedes, continuando su actividad como profesor de ense\u00f1anza Secundaria hasta comienzos de los a\u00f1os ochenta cuando se jubila y regresa a Rivera.<\/p>\n<p>En 1990 retorna nuevamente a Mercedes donde orienta el taller de cer\u00e1mica creado por \u00e9l, hasta su fallecimiento.<\/p>\n<p>\t\t<\/div>\n\n\t\t<\/p>\n<p>\n\t\t\t\t\t<h3 role=\"button\" id=\"accordion-1-t11\" class=\"accordion-title js-accordion-controller\" aria-controls=\"accordion-1-c11\" aria-expanded=\"false\" tabindex=\"0\">\n\t\t\t\tOsmar Santos\t\t\t<\/h3>\n\t\t\n\t\t<div id=\"accordion-1-c11\" class=\"accordion-content\" aria-hidden=\"true\">\n\t\t\t<\/p>\n<p>Osmar Santos ha vivido toda su vida en Uruguay y hasta hoy habita la casa que fuera de sus padres, a 200 metros de Brasil, casi todos los d\u00edas de su vida ha circulado por dos pa\u00edses en sus caminatas diarias.<br \/>\nHa estado de un lado y de otro de \u201cLa L\u00ednea\u201d como llamamos a ese borde imaginario que define dos pa\u00edses.<br \/>\nPara el coraz\u00f3n del artista la l\u00ednea no existe, puede ser necesaria, sabe que est\u00e1 ah\u00ed.<br \/>\nVive la aventura de la vida, que sabe es m\u00e1s redentora cuando vamos acompa\u00f1ados del arte.<\/p>\n<p>\t\t<\/div>\n\n\t\t<\/p>\n<p>\n\t\t\t\t\t<h3 role=\"button\" id=\"accordion-1-t12\" class=\"accordion-title js-accordion-controller\" aria-controls=\"accordion-1-c12\" aria-expanded=\"false\" tabindex=\"0\">\n\t\t\t\tRomeo Santiago Iglesias\t\t\t<\/h3>\n\t\t\n\t\t<div id=\"accordion-1-c12\" class=\"accordion-content\" aria-hidden=\"true\">\n\t\t\t<\/p>\n<p>Exposiciones:<\/p>\n<ul>\n<li>1963 \u2013 Escuela \u201cTaller de Artes Pl\u00e1sticas de Rivera\u201d<\/li>\n<li>1964 &#8211; Escuela \u201cTaller de Artes Pl\u00e1sticas de Rivera\u201d+\n<ul>\n<li>Sal\u00f3n de San Jos\u00e9<\/li>\n<\/ul>\n<\/li>\n<li>1965 &#8211; Sal\u00f3n Nacional de Artes Pl\u00e1sticas XXIX\n<ul>\n<li>Premio Gravura \u201cBanco de La Rep\u00fablica\u201d &#8211; Montevideo<\/li>\n<li>Sal\u00f3n San Jos\u00e9<\/li>\n<\/ul>\n<\/li>\n<li>1966 \u2013 Sal\u00f3n jos\u00e9<\/li>\n<\/ul>\n<p>Exposici\u00f3n individual em Rivera<\/p>\n<ul>\n<li>1967 \u2013 Sal\u00f3n San Jos\u00e9\n<ul>\n<li>Sal\u00f3n Municipal de Montevideo<\/li>\n<\/ul>\n<\/li>\n<li>1968 \u2013 Sal\u00f3n San Jos\u00e9\n<ul>\n<li>Exposici\u00f3n Colectiva de Taller \u201cEdgardo Ribeiro\u201d &#8211; Montevideo<\/li>\n<li>Exposici\u00f3n Colectiva \u201cBanco La Caja Obrera\u201d<\/li>\n<li>Exposici\u00f3n Individual por la \u201cFundaci\u00f3n de Cultura Universitaria\u201d<\/li>\n<\/ul>\n<\/li>\n<li>1969 \u2013 Sal\u00f3n Municipal de Montevideo<\/li>\n<li>1980 \u2013 II Sal\u00f3n Municipal de Artes \u2013 Rivera<\/li>\n<li>1982 \u2013 III Sal\u00f3n Municipal de Artes \u2013 Rivera\n<ul>\n<li>Exposici\u00f3n Colectiva de \u201cAgrupaci\u00f3n Universitaria de Rivera\u201d<\/li>\n<\/ul>\n<\/li>\n<li>3\u00ba Sal\u00f3n Departamental de Artes Pl\u00e1sticas y Viduales \u2013 San Jos\u00e9\n<ul>\n<li>Sal\u00f3n Municipal de Artes \u2013 Rivera<\/li>\n<\/ul>\n<\/li>\n<li>1983 &#8211; \u201cArtes Pl\u00e1sticas en la Frontera\u201d &#8211; Departamento de Cultura \u2013 SMCDT . Sala Cultural Sant&#8217; Ana Do Livramento<\/li>\n<\/ul>\n<p>\t\t<\/div>\n\n\t\t<\/p>\n<p>\n\t\t\t\t\t<h3 role=\"button\" id=\"accordion-1-t13\" class=\"accordion-title js-accordion-controller\" aria-controls=\"accordion-1-c13\" aria-expanded=\"false\" tabindex=\"0\">\n\t\t\t\tRomeu \u00c1lvez\t\t\t<\/h3>\n\t\t\n\t\t<div id=\"accordion-1-c13\" class=\"accordion-content\" aria-hidden=\"true\">\n\t\t\t<\/p>\n<p>Natural de Santana do Livramento. Realiz\u00f3 sus primeros estudios en una escuela primaria en el Barrio Wilson.<br \/>\nA los 15 a\u00f1os de edad, entalla en blocks de piedra arenito, donando al Aeroclub de Livramento un busto de Santos Dumont, en el mismo material.<br \/>\nEn 1952 estudi\u00f3 dise\u00f1o en la Escuela de Arte Pict\u00f3rica de Riveran con Rodolfo Seinswels.<br \/>\nEn julio del mismo a\u00f1o se fue a vivir en Montevideo en donde se qued\u00f3 hasta el a\u00f1o 1968.<br \/>\nEn Montevideo curs\u00f3 estudios de idioma y cultura general en la Agrupaci\u00f3n Cat\u00f3lica Leon XIII.<br \/>\nEstudio escultura con dos maestros Espa\u00f1oles, Pablo Serrano, 1952 \u2013 1955, y Eduardo Dias Yepes, 1956 \u2013 1957.<\/p>\n<p>Exposiciones Colectivas:<\/p>\n<p>En la primera que particip\u00f3 fue en la Casa del Empleado, en la ciudad de Rivera, en 1952 con los dem\u00e1s integrantes de la Escuela de Arte Pict\u00f3rica.<br \/>\nDespu\u00e9s, expuso en varios salones nacionales, Municipales y de San Jos\u00e9, Uruguay, y en varias colectivas organizadas por la \u201cEscuela Taller de Artes Pl\u00e1sticas\u201d, Rivera.<br \/>\n1983 &#8211; \u201cArtes Pl\u00e1sticas en la Frontera\u201d &#8211; Departamento de Cultura \u2013 SMCDT \u2013 Sala Cultural Santana do Livramento.<\/p>\n<p>Exposiciones Individuales:<\/p>\n<ul>\n<li>1959 \u2013 Teatro \u201cLa M\u00e1scara\u201d, Montevideo<\/li>\n<li>1965 \u2013 Instituto de Ense\u00f1anza Secundaria, Rivera<\/li>\n<li>1965 \u2013 Liceo Rivera Chico, Rivera<\/li>\n<li>1968 \u2013 Club Residentes de Rivera, Montevideo<\/li>\n<li>1969 \u2013 \u201cEscuela Taller de Artes Pl\u00e1sticas\u201d, Rivera.<\/li>\n<\/ul>\n<p>Premios:<\/p>\n<ul>\n<li>1950 \u2013 Medalla de plata en el Sal\u00f3n del Litoral, en Salto, Uruguay;<\/li>\n<li>1956 \u2013 Menci\u00f3n en el Sal\u00f3n de San Jos\u00e9, Uruguay;<\/li>\n<li>1957 \u2013 Premio Adquisici\u00f3n en el IX Sal\u00f3n Municipal, Montevideo.<\/li>\n<\/ul>\n<p>\t\t<\/div>\n\n\t\t<\/p>\n<p>\n\t\t\t\t\t<h3 role=\"button\" id=\"accordion-1-t14\" class=\"accordion-title js-accordion-controller\" aria-controls=\"accordion-1-c14\" aria-expanded=\"false\" tabindex=\"0\">\n\t\t\t\tWilmar Pereira Aranguiz\t\t\t<\/h3>\n\t\t\n\t\t<div id=\"accordion-1-c14\" class=\"accordion-content\" aria-hidden=\"true\">\n\t\t\t<\/p>\n<p>Nace en el Departamento de Salto &#8211; ROU, el 1 de abril de 1938.<br \/>\nA los 5 a\u00f1os de edad, junto a sus padres, se radica en la ciudad de Rivera.<\/p>\n<p>En 1956, comienza a desarrollarse en el \u00e1mbito publicitario, desenvolviendose en el \u00e1rea del dise\u00f1o, tanto en Rivera como en Sant&#8217; Ana do Livramento.<br \/>\nSe enfoca en el dise\u00f1o de logos, gr\u00e1ficas en v\u00eda p\u00fablica, \u00aboutdoor\u00bb y \u00abdisplays\u00bb en general.<br \/>\nTambi\u00e9n dise\u00f1a caricaturas para el diario \u201cA Plat\u00e9ia\u201d de Santana do Livramento.<\/p>\n<p>En 1960 incursiona en serigraf\u00eda y en 1968 instala una empresa de letreros luminosos de acr\u00edlico, funcionando a la par de sus actividades publicitarias.<\/p>\n<p>En 1981 se introduce en la pictograf\u00eda y participa del III Sal\u00f3n Municipal de Rivera.<\/p>\n<p>En 1982, se vincula a la Escuela de Artes de ASPES \u2013 Sant&#8217; Ana do Livramento y en 1983 recibe el premio especial, \u201cMenci\u00f3n de Pintura\u201d, en el 5\u00ba Sal\u00f3n de Rocha.<\/p>\n<p>Exposiciones Colectivas:<\/p>\n<ul>\n<li>Exposici\u00f3n Colectiva \u2013 Rivera<\/li>\n<li>4\u00ba Sal\u00f3n Municipal \u2013 Rivera<\/li>\n<li>1\u00ba Sal\u00f3n Municipal de Paysand\u00fa<\/li>\n<li>Exposici\u00f3n de la Escuela de Ates de ASPES\/Sant&#8217; Ana do Livramento.<\/li>\n<\/ul>\n<p>1983 \u2013 Exposici\u00f3n Individual:<\/p>\n<ul>\n<li>Escuela de Ates de ASPES\/Sant&#8217; Ana do Livramento.<\/li>\n<li>V Sal\u00f3n Municipal de Artes de Rivera\n<ul>\n<li>Segunda Menci\u00f3n Especial<\/li>\n<\/ul>\n<\/li>\n<li>\u201cArtes Pl\u00e1sticas en la Frontera\u201d &#8211; Departamento de Cultura \u2013 SMCDT \u2013 Sala Cultural \u2013 Sant&#8217; Ana do Livramento.<\/li>\n<\/ul>\n<p>\t\t<\/div>\n\n\t\t<\/p>\n<p><\/div>\n","protected":false},"excerpt":{"rendered":"<p>Muestra de Arte realizada en octubre de 2018, por el Museo Departamental de Artes Pl\u00e1sticas.<\/p>\n","protected":false},"author":2,"featured_media":4139,"comment_status":"open","ping_status":"open","sticky":false,"template":"","format":"standard","meta":{"footnotes":""},"categories":[8,1],"tags":[212,213],"_links":{"self":[{"href":"https:\/\/www.rivera.gub.uy\/social\/wp-json\/wp\/v2\/posts\/4118"}],"collection":[{"href":"https:\/\/www.rivera.gub.uy\/social\/wp-json\/wp\/v2\/posts"}],"about":[{"href":"https:\/\/www.rivera.gub.uy\/social\/wp-json\/wp\/v2\/types\/post"}],"author":[{"embeddable":true,"href":"https:\/\/www.rivera.gub.uy\/social\/wp-json\/wp\/v2\/users\/2"}],"replies":[{"embeddable":true,"href":"https:\/\/www.rivera.gub.uy\/social\/wp-json\/wp\/v2\/comments?post=4118"}],"version-history":[{"count":21,"href":"https:\/\/www.rivera.gub.uy\/social\/wp-json\/wp\/v2\/posts\/4118\/revisions"}],"predecessor-version":[{"id":4141,"href":"https:\/\/www.rivera.gub.uy\/social\/wp-json\/wp\/v2\/posts\/4118\/revisions\/4141"}],"wp:featuredmedia":[{"embeddable":true,"href":"https:\/\/www.rivera.gub.uy\/social\/wp-json\/wp\/v2\/media\/4139"}],"wp:attachment":[{"href":"https:\/\/www.rivera.gub.uy\/social\/wp-json\/wp\/v2\/media?parent=4118"}],"wp:term":[{"taxonomy":"category","embeddable":true,"href":"https:\/\/www.rivera.gub.uy\/social\/wp-json\/wp\/v2\/categories?post=4118"},{"taxonomy":"post_tag","embeddable":true,"href":"https:\/\/www.rivera.gub.uy\/social\/wp-json\/wp\/v2\/tags?post=4118"}],"curies":[{"name":"wp","href":"https:\/\/api.w.org\/{rel}","templated":true}]}}