{"id":4151,"date":"2018-10-04T14:49:43","date_gmt":"2018-10-04T14:49:43","guid":{"rendered":"http:\/\/rivera.gub.uy\/social\/?p=4151"},"modified":"2018-10-04T15:05:06","modified_gmt":"2018-10-04T15:05:06","slug":"reunion-nacional-d-directores-de-deportes","status":"publish","type":"post","link":"https:\/\/www.rivera.gub.uy\/social\/reunion-nacional-d-directores-de-deportes\/","title":{"rendered":"Reuni\u00f3n Nacional d Directores de Deportes"},"content":{"rendered":"<p>La Comisi\u00f3n Interdepartamental de Direcciones de Deportes presidida por el Director de Deportes de Rivera, Lic. Horacio Hern\u00e1ndez, se reuni\u00f3 el pasado martes 2 octubre en el Municipio de Paso de los Toros, Departamento de Tacuaremb\u00f3.<\/p>\n<p>&nbsp;<\/p>\n<p><img loading=\"lazy\" decoding=\"async\" class=\"alignnone size-medium wp-image-4152\" src=\"http:\/\/rivera.gub.uy\/social\/wp-content\/uploads\/2018\/10\/43047663_2098193336899039_8435072781569228800_n-300x200.jpg\" alt=\"\" width=\"300\" height=\"200\" srcset=\"https:\/\/www.rivera.gub.uy\/social\/wp-content\/uploads\/2018\/10\/43047663_2098193336899039_8435072781569228800_n-300x200.jpg 300w, https:\/\/www.rivera.gub.uy\/social\/wp-content\/uploads\/2018\/10\/43047663_2098193336899039_8435072781569228800_n-768x512.jpg 768w, https:\/\/www.rivera.gub.uy\/social\/wp-content\/uploads\/2018\/10\/43047663_2098193336899039_8435072781569228800_n-600x400.jpg 600w, https:\/\/www.rivera.gub.uy\/social\/wp-content\/uploads\/2018\/10\/43047663_2098193336899039_8435072781569228800_n-820x547.jpg 820w, https:\/\/www.rivera.gub.uy\/social\/wp-content\/uploads\/2018\/10\/43047663_2098193336899039_8435072781569228800_n-272x182.jpg 272w, https:\/\/www.rivera.gub.uy\/social\/wp-content\/uploads\/2018\/10\/43047663_2098193336899039_8435072781569228800_n.jpg 960w\" sizes=\"(max-width: 300px) 100vw, 300px\" \/> <img loading=\"lazy\" decoding=\"async\" class=\"alignnone size-medium wp-image-4153\" src=\"http:\/\/rivera.gub.uy\/social\/wp-content\/uploads\/2018\/10\/43062096_2098194350232271_5319445883769585664_n-300x200.jpg\" alt=\"\" width=\"300\" height=\"200\" srcset=\"https:\/\/www.rivera.gub.uy\/social\/wp-content\/uploads\/2018\/10\/43062096_2098194350232271_5319445883769585664_n-300x200.jpg 300w, https:\/\/www.rivera.gub.uy\/social\/wp-content\/uploads\/2018\/10\/43062096_2098194350232271_5319445883769585664_n-768x512.jpg 768w, https:\/\/www.rivera.gub.uy\/social\/wp-content\/uploads\/2018\/10\/43062096_2098194350232271_5319445883769585664_n-600x400.jpg 600w, https:\/\/www.rivera.gub.uy\/social\/wp-content\/uploads\/2018\/10\/43062096_2098194350232271_5319445883769585664_n-820x547.jpg 820w, https:\/\/www.rivera.gub.uy\/social\/wp-content\/uploads\/2018\/10\/43062096_2098194350232271_5319445883769585664_n-272x182.jpg 272w, https:\/\/www.rivera.gub.uy\/social\/wp-content\/uploads\/2018\/10\/43062096_2098194350232271_5319445883769585664_n.jpg 960w\" sizes=\"(max-width: 300px) 100vw, 300px\" \/> <img loading=\"lazy\" decoding=\"async\" class=\"alignnone size-medium wp-image-4154\" src=\"http:\/\/rivera.gub.uy\/social\/wp-content\/uploads\/2018\/10\/43094701_2098193700232336_2787800208828792832_n-300x200.jpg\" alt=\"\" width=\"300\" height=\"200\" srcset=\"https:\/\/www.rivera.gub.uy\/social\/wp-content\/uploads\/2018\/10\/43094701_2098193700232336_2787800208828792832_n-300x200.jpg 300w, https:\/\/www.rivera.gub.uy\/social\/wp-content\/uploads\/2018\/10\/43094701_2098193700232336_2787800208828792832_n-768x512.jpg 768w, https:\/\/www.rivera.gub.uy\/social\/wp-content\/uploads\/2018\/10\/43094701_2098193700232336_2787800208828792832_n-600x400.jpg 600w, https:\/\/www.rivera.gub.uy\/social\/wp-content\/uploads\/2018\/10\/43094701_2098193700232336_2787800208828792832_n-820x547.jpg 820w, https:\/\/www.rivera.gub.uy\/social\/wp-content\/uploads\/2018\/10\/43094701_2098193700232336_2787800208828792832_n-272x182.jpg 272w, https:\/\/www.rivera.gub.uy\/social\/wp-content\/uploads\/2018\/10\/43094701_2098193700232336_2787800208828792832_n.jpg 960w\" sizes=\"(max-width: 300px) 100vw, 300px\" \/> <img loading=\"lazy\" decoding=\"async\" class=\"alignnone size-medium wp-image-4155\" src=\"http:\/\/rivera.gub.uy\/social\/wp-content\/uploads\/2018\/10\/43143947_2098195600232146_7519032334088142848_n-300x133.jpg\" alt=\"\" width=\"300\" height=\"133\" srcset=\"https:\/\/www.rivera.gub.uy\/social\/wp-content\/uploads\/2018\/10\/43143947_2098195600232146_7519032334088142848_n-300x133.jpg 300w, https:\/\/www.rivera.gub.uy\/social\/wp-content\/uploads\/2018\/10\/43143947_2098195600232146_7519032334088142848_n-768x342.jpg 768w, https:\/\/www.rivera.gub.uy\/social\/wp-content\/uploads\/2018\/10\/43143947_2098195600232146_7519032334088142848_n-820x365.jpg 820w, https:\/\/www.rivera.gub.uy\/social\/wp-content\/uploads\/2018\/10\/43143947_2098195600232146_7519032334088142848_n.jpg 960w\" sizes=\"(max-width: 300px) 100vw, 300px\" \/><\/p>\n","protected":false},"excerpt":{"rendered":"<p>La Comisi\u00f3n Interdepartamental de Direcciones de Deportes presidida por el Director de Deportes de Rivera, Lic. Horacio Hern\u00e1ndez, se reuni\u00f3 el pasado martes 2 octubre en el Municipio de Paso de los Toros, Departamento de Tacuaremb\u00f3. &nbsp;<\/p>\n","protected":false},"author":4,"featured_media":4155,"comment_status":"open","ping_status":"open","sticky":false,"template":"","format":"standard","meta":{"footnotes":""},"categories":[6,8,5,1,7,9],"tags":[],"_links":{"self":[{"href":"https:\/\/www.rivera.gub.uy\/social\/wp-json\/wp\/v2\/posts\/4151"}],"collection":[{"href":"https:\/\/www.rivera.gub.uy\/social\/wp-json\/wp\/v2\/posts"}],"about":[{"href":"https:\/\/www.rivera.gub.uy\/social\/wp-json\/wp\/v2\/types\/post"}],"author":[{"embeddable":true,"href":"https:\/\/www.rivera.gub.uy\/social\/wp-json\/wp\/v2\/users\/4"}],"replies":[{"embeddable":true,"href":"https:\/\/www.rivera.gub.uy\/social\/wp-json\/wp\/v2\/comments?post=4151"}],"version-history":[{"count":1,"href":"https:\/\/www.rivera.gub.uy\/social\/wp-json\/wp\/v2\/posts\/4151\/revisions"}],"predecessor-version":[{"id":4156,"href":"https:\/\/www.rivera.gub.uy\/social\/wp-json\/wp\/v2\/posts\/4151\/revisions\/4156"}],"wp:featuredmedia":[{"embeddable":true,"href":"https:\/\/www.rivera.gub.uy\/social\/wp-json\/wp\/v2\/media\/4155"}],"wp:attachment":[{"href":"https:\/\/www.rivera.gub.uy\/social\/wp-json\/wp\/v2\/media?parent=4151"}],"wp:term":[{"taxonomy":"category","embeddable":true,"href":"https:\/\/www.rivera.gub.uy\/social\/wp-json\/wp\/v2\/categories?post=4151"},{"taxonomy":"post_tag","embeddable":true,"href":"https:\/\/www.rivera.gub.uy\/social\/wp-json\/wp\/v2\/tags?post=4151"}],"curies":[{"name":"wp","href":"https:\/\/api.w.org\/{rel}","templated":true}]}}