{"id":4157,"date":"2018-10-08T13:06:12","date_gmt":"2018-10-08T13:06:12","guid":{"rendered":"http:\/\/rivera.gub.uy\/social\/?p=4157"},"modified":"2018-10-08T13:15:35","modified_gmt":"2018-10-08T13:15:35","slug":"copa-truck-2","status":"publish","type":"post","link":"https:\/\/www.rivera.gub.uy\/social\/copa-truck-2\/","title":{"rendered":"Copa Truck 2018"},"content":{"rendered":"<h3>Espectacular fin de semana en el Aut\u00f3dromo Eduardo P. Cabrera, una fiesta en la Frontera de la Paz con r\u00e9cord de p\u00fablico, m\u00e1s de 30.000 personas llegaron de todos los rincones del Uruguay y R\u00edo Grande do Sul.<\/h3>\n<p>Fotos: Ruben Silva (Prensa IDR)<!--more--><\/p>\n<h3>\u00a0 \u00a0\u00a0<img loading=\"lazy\" decoding=\"async\" class=\"alignnone wp-image-4162\" src=\"http:\/\/rivera.gub.uy\/social\/wp-content\/uploads\/2018\/10\/IMG_6790-300x200.jpg\" alt=\"\" width=\"279\" height=\"186\" srcset=\"https:\/\/www.rivera.gub.uy\/social\/wp-content\/uploads\/2018\/10\/IMG_6790-300x200.jpg 300w, https:\/\/www.rivera.gub.uy\/social\/wp-content\/uploads\/2018\/10\/IMG_6790-768x512.jpg 768w, https:\/\/www.rivera.gub.uy\/social\/wp-content\/uploads\/2018\/10\/IMG_6790-600x400.jpg 600w, https:\/\/www.rivera.gub.uy\/social\/wp-content\/uploads\/2018\/10\/IMG_6790-820x547.jpg 820w, https:\/\/www.rivera.gub.uy\/social\/wp-content\/uploads\/2018\/10\/IMG_6790-272x182.jpg 272w, https:\/\/www.rivera.gub.uy\/social\/wp-content\/uploads\/2018\/10\/IMG_6790.jpg 960w\" sizes=\"(max-width: 279px) 100vw, 279px\" \/>\u00a0<span style=\"font-size: 16px\">\u00a0<\/span><span style=\"font-size: 16px\">\u00a0<\/span><span style=\"font-size: 16px\">\u00a0<\/span>\u00a0<img loading=\"lazy\" decoding=\"async\" class=\"alignnone wp-image-4158\" src=\"http:\/\/rivera.gub.uy\/social\/wp-content\/uploads\/2018\/10\/IMG_6785-300x169.jpg\" alt=\"\" width=\"295\" height=\"166\" srcset=\"https:\/\/www.rivera.gub.uy\/social\/wp-content\/uploads\/2018\/10\/IMG_6785-300x169.jpg 300w, https:\/\/www.rivera.gub.uy\/social\/wp-content\/uploads\/2018\/10\/IMG_6785-768x432.jpg 768w, https:\/\/www.rivera.gub.uy\/social\/wp-content\/uploads\/2018\/10\/IMG_6785-820x461.jpg 820w, https:\/\/www.rivera.gub.uy\/social\/wp-content\/uploads\/2018\/10\/IMG_6785.jpg 960w\" sizes=\"(max-width: 295px) 100vw, 295px\" \/><\/h3>\n<h3>\u00a0<img loading=\"lazy\" decoding=\"async\" class=\"alignnone wp-image-4160\" src=\"http:\/\/rivera.gub.uy\/social\/wp-content\/uploads\/2018\/10\/IMG_6787-300x169.jpg\" alt=\"\" width=\"300\" height=\"169\" srcset=\"https:\/\/www.rivera.gub.uy\/social\/wp-content\/uploads\/2018\/10\/IMG_6787-300x169.jpg 300w, https:\/\/www.rivera.gub.uy\/social\/wp-content\/uploads\/2018\/10\/IMG_6787-768x432.jpg 768w, https:\/\/www.rivera.gub.uy\/social\/wp-content\/uploads\/2018\/10\/IMG_6787-1024x576.jpg 1024w, https:\/\/www.rivera.gub.uy\/social\/wp-content\/uploads\/2018\/10\/IMG_6787-820x461.jpg 820w, https:\/\/www.rivera.gub.uy\/social\/wp-content\/uploads\/2018\/10\/IMG_6787.jpg 1920w\" sizes=\"(max-width: 300px) 100vw, 300px\" \/>\u00a0 \u00a0<img loading=\"lazy\" decoding=\"async\" class=\"alignnone size-medium wp-image-4159\" src=\"http:\/\/rivera.gub.uy\/social\/wp-content\/uploads\/2018\/10\/IMG_6786-300x169.jpg\" alt=\"\" width=\"300\" height=\"169\" srcset=\"https:\/\/www.rivera.gub.uy\/social\/wp-content\/uploads\/2018\/10\/IMG_6786-300x169.jpg 300w, https:\/\/www.rivera.gub.uy\/social\/wp-content\/uploads\/2018\/10\/IMG_6786-768x432.jpg 768w, https:\/\/www.rivera.gub.uy\/social\/wp-content\/uploads\/2018\/10\/IMG_6786-820x461.jpg 820w, https:\/\/www.rivera.gub.uy\/social\/wp-content\/uploads\/2018\/10\/IMG_6786.jpg 960w\" sizes=\"(max-width: 300px) 100vw, 300px\" \/><\/h3>\n","protected":false},"excerpt":{"rendered":"<p>Espectacular fin de semana en el Aut\u00f3dromo Eduardo P. Cabrera, una fiesta en la Frontera de la Paz con r\u00e9cord de p\u00fablico, m\u00e1s de 30.000 personas llegaron de todos los rincones del Uruguay y R\u00edo Grande do Sul. Fotos: Ruben Silva (Prensa IDR)<\/p>\n","protected":false},"author":3,"featured_media":4166,"comment_status":"open","ping_status":"open","sticky":false,"template":"","format":"standard","meta":{"footnotes":""},"categories":[5,1,7,9],"tags":[214,151,217,215,220,17,219],"_links":{"self":[{"href":"https:\/\/www.rivera.gub.uy\/social\/wp-json\/wp\/v2\/posts\/4157"}],"collection":[{"href":"https:\/\/www.rivera.gub.uy\/social\/wp-json\/wp\/v2\/posts"}],"about":[{"href":"https:\/\/www.rivera.gub.uy\/social\/wp-json\/wp\/v2\/types\/post"}],"author":[{"embeddable":true,"href":"https:\/\/www.rivera.gub.uy\/social\/wp-json\/wp\/v2\/users\/3"}],"replies":[{"embeddable":true,"href":"https:\/\/www.rivera.gub.uy\/social\/wp-json\/wp\/v2\/comments?post=4157"}],"version-history":[{"count":6,"href":"https:\/\/www.rivera.gub.uy\/social\/wp-json\/wp\/v2\/posts\/4157\/revisions"}],"predecessor-version":[{"id":4169,"href":"https:\/\/www.rivera.gub.uy\/social\/wp-json\/wp\/v2\/posts\/4157\/revisions\/4169"}],"wp:featuredmedia":[{"embeddable":true,"href":"https:\/\/www.rivera.gub.uy\/social\/wp-json\/wp\/v2\/media\/4166"}],"wp:attachment":[{"href":"https:\/\/www.rivera.gub.uy\/social\/wp-json\/wp\/v2\/media?parent=4157"}],"wp:term":[{"taxonomy":"category","embeddable":true,"href":"https:\/\/www.rivera.gub.uy\/social\/wp-json\/wp\/v2\/categories?post=4157"},{"taxonomy":"post_tag","embeddable":true,"href":"https:\/\/www.rivera.gub.uy\/social\/wp-json\/wp\/v2\/tags?post=4157"}],"curies":[{"name":"wp","href":"https:\/\/api.w.org\/{rel}","templated":true}]}}