{"id":4188,"date":"2018-10-09T15:36:03","date_gmt":"2018-10-09T15:36:03","guid":{"rendered":"http:\/\/rivera.gub.uy\/social\/?p=4188"},"modified":"2018-10-09T15:36:03","modified_gmt":"2018-10-09T15:36:03","slug":"carnaval-2019-5","status":"publish","type":"post","link":"https:\/\/www.rivera.gub.uy\/social\/carnaval-2019-5\/","title":{"rendered":"Carnaval 2019"},"content":{"rendered":"<h4>El Director de <a href=\"http:\/\/rivera.gub.uy\/social\/turismo\/\">Turismo<\/a> Lic. Carlos Martorell, se reuni\u00f3 con el Director General Cr. Giovani Conti, la Comisi\u00f3n de Carnaval, agrupaciones de los Barrios: Bisio, Misiones, Magisterial, Si\u00f1eriz, 33 Orientales, Quintas al Norte, Misones, Santa Isabel, Saavedra y representantes juveniles de la Gincana, para coordinaciones del desfile del Carnaval 2019.<\/h4>\n<h4><\/h4>\n<p><img loading=\"lazy\" decoding=\"async\" class=\"alignnone size-medium wp-image-4190\" src=\"http:\/\/rivera.gub.uy\/social\/wp-content\/uploads\/2018\/10\/PHOTO-2018-10-09-11-27-19-1-300x225.jpg\" alt=\"\" width=\"300\" height=\"225\" srcset=\"https:\/\/www.rivera.gub.uy\/social\/wp-content\/uploads\/2018\/10\/PHOTO-2018-10-09-11-27-19-1-300x225.jpg 300w, https:\/\/www.rivera.gub.uy\/social\/wp-content\/uploads\/2018\/10\/PHOTO-2018-10-09-11-27-19-1-768x576.jpg 768w, https:\/\/www.rivera.gub.uy\/social\/wp-content\/uploads\/2018\/10\/PHOTO-2018-10-09-11-27-19-1-1024x768.jpg 1024w, https:\/\/www.rivera.gub.uy\/social\/wp-content\/uploads\/2018\/10\/PHOTO-2018-10-09-11-27-19-1-820x615.jpg 820w, https:\/\/www.rivera.gub.uy\/social\/wp-content\/uploads\/2018\/10\/PHOTO-2018-10-09-11-27-19-1.jpg 1600w\" sizes=\"(max-width: 300px) 100vw, 300px\" \/>\u00a0\u00a0<img loading=\"lazy\" decoding=\"async\" class=\"alignnone size-medium wp-image-4189\" src=\"http:\/\/rivera.gub.uy\/social\/wp-content\/uploads\/2018\/10\/PHOTO-2018-10-09-11-27-18-300x225.jpg\" alt=\"\" width=\"300\" height=\"225\" srcset=\"https:\/\/www.rivera.gub.uy\/social\/wp-content\/uploads\/2018\/10\/PHOTO-2018-10-09-11-27-18-300x225.jpg 300w, https:\/\/www.rivera.gub.uy\/social\/wp-content\/uploads\/2018\/10\/PHOTO-2018-10-09-11-27-18-768x576.jpg 768w, https:\/\/www.rivera.gub.uy\/social\/wp-content\/uploads\/2018\/10\/PHOTO-2018-10-09-11-27-18-1024x768.jpg 1024w, https:\/\/www.rivera.gub.uy\/social\/wp-content\/uploads\/2018\/10\/PHOTO-2018-10-09-11-27-18-820x615.jpg 820w, https:\/\/www.rivera.gub.uy\/social\/wp-content\/uploads\/2018\/10\/PHOTO-2018-10-09-11-27-18.jpg 1600w\" sizes=\"(max-width: 300px) 100vw, 300px\" \/><\/p>\n","protected":false},"excerpt":{"rendered":"<p>El Director de Turismo Lic. Carlos Martorell, se reuni\u00f3 con el Director General Cr. Giovani Conti, la Comisi\u00f3n de Carnaval, agrupaciones de los Barrios: Bisio, Misiones, Magisterial, Si\u00f1eriz, 33 Orientales, Quintas al Norte, Misones, Santa Isabel, Saavedra y representantes juveniles de la Gincana, para coordinaciones del desfile del Carnaval 2019. \u00a0\u00a0<\/p>\n","protected":false},"author":3,"featured_media":4192,"comment_status":"open","ping_status":"open","sticky":false,"template":"","format":"standard","meta":{"footnotes":""},"categories":[6,7,9],"tags":[210,207,226,17,209],"_links":{"self":[{"href":"https:\/\/www.rivera.gub.uy\/social\/wp-json\/wp\/v2\/posts\/4188"}],"collection":[{"href":"https:\/\/www.rivera.gub.uy\/social\/wp-json\/wp\/v2\/posts"}],"about":[{"href":"https:\/\/www.rivera.gub.uy\/social\/wp-json\/wp\/v2\/types\/post"}],"author":[{"embeddable":true,"href":"https:\/\/www.rivera.gub.uy\/social\/wp-json\/wp\/v2\/users\/3"}],"replies":[{"embeddable":true,"href":"https:\/\/www.rivera.gub.uy\/social\/wp-json\/wp\/v2\/comments?post=4188"}],"version-history":[{"count":4,"href":"https:\/\/www.rivera.gub.uy\/social\/wp-json\/wp\/v2\/posts\/4188\/revisions"}],"predecessor-version":[{"id":4196,"href":"https:\/\/www.rivera.gub.uy\/social\/wp-json\/wp\/v2\/posts\/4188\/revisions\/4196"}],"wp:featuredmedia":[{"embeddable":true,"href":"https:\/\/www.rivera.gub.uy\/social\/wp-json\/wp\/v2\/media\/4192"}],"wp:attachment":[{"href":"https:\/\/www.rivera.gub.uy\/social\/wp-json\/wp\/v2\/media?parent=4188"}],"wp:term":[{"taxonomy":"category","embeddable":true,"href":"https:\/\/www.rivera.gub.uy\/social\/wp-json\/wp\/v2\/categories?post=4188"},{"taxonomy":"post_tag","embeddable":true,"href":"https:\/\/www.rivera.gub.uy\/social\/wp-json\/wp\/v2\/tags?post=4188"}],"curies":[{"name":"wp","href":"https:\/\/api.w.org\/{rel}","templated":true}]}}