{"id":4208,"date":"2018-10-18T14:42:25","date_gmt":"2018-10-18T14:42:25","guid":{"rendered":"http:\/\/rivera.gub.uy\/social\/?p=4208"},"modified":"2018-10-18T14:42:25","modified_gmt":"2018-10-18T14:42:25","slug":"finales-del-campeonato-de-futbol-de-barrios-categoria-sub-14","status":"publish","type":"post","link":"https:\/\/www.rivera.gub.uy\/social\/finales-del-campeonato-de-futbol-de-barrios-categoria-sub-14\/","title":{"rendered":"Finales del Campeonato de F\u00fatbol de Barrios categor\u00eda Sub 14."},"content":{"rendered":"<div class=\"\">\n<div class=\"_1mf _1mj\">Este s\u00e1bado 20 de octubre, se disputan las finales del Campeonato de F\u00fatbol de Barrios categor\u00eda Sub 14 en el Polideportivo Don Bosco, donde una vez m\u00e1s decenas de chiquilines compartir\u00e1n una instancia de actividad f\u00edsica pero principalmente confraternizaci\u00f3n y alegr\u00eda.<\/div>\n<\/div>\n<div class=\"\">\n<div class=\"_1mf _1mj\"><span>A la hora 13:15 con la participaci\u00f3n de padres, familiares y vecinos, se reconocer\u00e1 y se premiar\u00e1 a los equipos que mejor se han desempe\u00f1ado en dicha etapa.<\/span><\/div>\n<\/div>\n<div class=\"\">\n<div class=\"_1mf _1mj\"><span>\u00a0<\/span><\/div>\n<\/div>\n<div class=\"\">\n<div class=\"_1mf _1mj\"><span>Cancha 1:<\/span><\/div>\n<\/div>\n<div class=\"\">\n<div class=\"_1mf _1mj\"><span>09:00 &#8211; Bisio vs Recreo<\/span><\/div>\n<\/div>\n<div class=\"\">\n<div class=\"_1mf _1mj\"><span>10:00 &#8211; La Raca vs Villa Sonia<\/span><\/div>\n<\/div>\n<div class=\"\">\n<div class=\"_1mf _1mj\"><span>11:00 &#8211; Misiones vs La Arenera<\/span><\/div>\n<\/div>\n<div class=\"\">\n<div class=\"_1mf _1mj\"><span>12:00 &#8211; Santa Teresa vs Saavedra<\/span><\/div>\n<\/div>\n<div class=\"\">\n<div class=\"_1mf _1mj\"><span>\u00a0<\/span><\/div>\n<\/div>\n<div class=\"\">\n<div class=\"_1mf _1mj\"><span>Cancha 2:<\/span><\/div>\n<\/div>\n<div class=\"\">\n<div class=\"_1mf _1mj\"><span>09:30 &#8211; La Pedrera vs La Hormiga<\/span><\/div>\n<\/div>\n<div class=\"\">\n<div class=\"_1mf _1mj\"><span>10:30 &#8211; Tres Cruces vs Rampla Jrs.<\/span><\/div>\n<\/div>\n<div class=\"\">\n<div class=\"_1mf _1mj\"><span>1130 &#8211; Sants Isabel vs Cerro.<\/span><\/div>\n<\/div>\n<div class=\"\">\n<div class=\"_1mf _1mj\"><span>\u00a0<\/span><\/div>\n<\/div>\n<div class=\"\">\n<div class=\"_1mf _1mj\"><span>Los Esperamos!<\/span><\/div>\n<\/div>\n","protected":false},"excerpt":{"rendered":"<p>Este s\u00e1bado 20 de octubre, se disputan las finales del Campeonato de F\u00fatbol de Barrios categor\u00eda Sub 14 en el Polideportivo Don Bosco, donde una vez m\u00e1s decenas de chiquilines compartir\u00e1n una instancia de actividad f\u00edsica pero principalmente confraternizaci\u00f3n y alegr\u00eda. A la hora 13:15 con la participaci\u00f3n de padres, familiares y vecinos, se reconocer\u00e1 [&hellip;]<\/p>\n","protected":false},"author":4,"featured_media":4209,"comment_status":"open","ping_status":"open","sticky":false,"template":"","format":"standard","meta":{"footnotes":""},"categories":[6,8,5,1,7,9],"tags":[],"_links":{"self":[{"href":"https:\/\/www.rivera.gub.uy\/social\/wp-json\/wp\/v2\/posts\/4208"}],"collection":[{"href":"https:\/\/www.rivera.gub.uy\/social\/wp-json\/wp\/v2\/posts"}],"about":[{"href":"https:\/\/www.rivera.gub.uy\/social\/wp-json\/wp\/v2\/types\/post"}],"author":[{"embeddable":true,"href":"https:\/\/www.rivera.gub.uy\/social\/wp-json\/wp\/v2\/users\/4"}],"replies":[{"embeddable":true,"href":"https:\/\/www.rivera.gub.uy\/social\/wp-json\/wp\/v2\/comments?post=4208"}],"version-history":[{"count":1,"href":"https:\/\/www.rivera.gub.uy\/social\/wp-json\/wp\/v2\/posts\/4208\/revisions"}],"predecessor-version":[{"id":4210,"href":"https:\/\/www.rivera.gub.uy\/social\/wp-json\/wp\/v2\/posts\/4208\/revisions\/4210"}],"wp:featuredmedia":[{"embeddable":true,"href":"https:\/\/www.rivera.gub.uy\/social\/wp-json\/wp\/v2\/media\/4209"}],"wp:attachment":[{"href":"https:\/\/www.rivera.gub.uy\/social\/wp-json\/wp\/v2\/media?parent=4208"}],"wp:term":[{"taxonomy":"category","embeddable":true,"href":"https:\/\/www.rivera.gub.uy\/social\/wp-json\/wp\/v2\/categories?post=4208"},{"taxonomy":"post_tag","embeddable":true,"href":"https:\/\/www.rivera.gub.uy\/social\/wp-json\/wp\/v2\/tags?post=4208"}],"curies":[{"name":"wp","href":"https:\/\/api.w.org\/{rel}","templated":true}]}}