{"id":421,"date":"2017-08-19T02:09:51","date_gmt":"2017-08-19T02:09:51","guid":{"rendered":"http:\/\/rivera.gub.uy\/social\/?p=421"},"modified":"2017-08-22T12:25:34","modified_gmt":"2017-08-22T12:25:34","slug":"centenario-de-la-cumparsita","status":"publish","type":"post","link":"https:\/\/www.rivera.gub.uy\/social\/centenario-de-la-cumparsita\/","title":{"rendered":"Centenario de la \u00abCumparsita\u00bb"},"content":{"rendered":"<p>El d\u00eda 8 de agosto en las instalaciones del Museo del Patrimonio Regional se inaugur\u00f3 la Muestra del Centenario de la \u00abCumparsita\u00bb.<!--more--> La muestra instalada en el Museo del Patrimonio Regional, sito en calle Artigas 1019, re\u00fane una serie de documentos, cartas personales, fotograf\u00edas, an\u00e9cdotas, pertenecientes a Gerardo Matos Rodr\u00edguez.<\/p>\n<p>La exposici\u00f3n fue complementada por una Conferencia a cargo de la Directora de AGADU Estela Magnone, el d\u00eda 15 del corriente en el Teatro Salesiano.<\/p>\n<p>Las visitas guiadas est\u00e1n a cargo de la Prof. Natalia Mar\u00eda Velazco Duarte y deber\u00e1n ser coordinadas en el Museo del Patrimonio, al tel\u00e9fono (462)31900, int. 184.<\/p>\n<div id='gallery-1' class='gallery galleryid-421 gallery-columns-3 gallery-size-thumbnail'><figure class='gallery-item'>\n\t\t\t<div class='gallery-icon landscape'>\n\t\t\t\t<a href='https:\/\/www.rivera.gub.uy\/social\/wp-content\/uploads\/2017\/08\/MPR-.jpg'><img loading=\"lazy\" decoding=\"async\" width=\"150\" height=\"150\" src=\"https:\/\/www.rivera.gub.uy\/social\/wp-content\/uploads\/2017\/08\/MPR--150x150.jpg\" class=\"attachment-thumbnail size-thumbnail\" alt=\"\" \/><\/a>\n\t\t\t<\/div><\/figure><figure class='gallery-item'>\n\t\t\t<div class='gallery-icon landscape'>\n\t\t\t\t<a href='https:\/\/www.rivera.gub.uy\/social\/wp-content\/uploads\/2017\/08\/MPR1.jpg'><img loading=\"lazy\" decoding=\"async\" width=\"150\" height=\"150\" src=\"https:\/\/www.rivera.gub.uy\/social\/wp-content\/uploads\/2017\/08\/MPR1-150x150.jpg\" class=\"attachment-thumbnail size-thumbnail\" alt=\"\" \/><\/a>\n\t\t\t<\/div><\/figure>\n\t\t<\/div>\n\n","protected":false},"excerpt":{"rendered":"<p>El d\u00eda 8 de agosto en las instalaciones del Museo del Patrimonio Regional se inaugur\u00f3 la Muestra del Centenario de la \u00abCumparsita\u00bb.<\/p>\n","protected":false},"author":6,"featured_media":422,"comment_status":"open","ping_status":"open","sticky":false,"template":"","format":"standard","meta":{"footnotes":""},"categories":[8,1],"tags":[58,64,11,17],"_links":{"self":[{"href":"https:\/\/www.rivera.gub.uy\/social\/wp-json\/wp\/v2\/posts\/421"}],"collection":[{"href":"https:\/\/www.rivera.gub.uy\/social\/wp-json\/wp\/v2\/posts"}],"about":[{"href":"https:\/\/www.rivera.gub.uy\/social\/wp-json\/wp\/v2\/types\/post"}],"author":[{"embeddable":true,"href":"https:\/\/www.rivera.gub.uy\/social\/wp-json\/wp\/v2\/users\/6"}],"replies":[{"embeddable":true,"href":"https:\/\/www.rivera.gub.uy\/social\/wp-json\/wp\/v2\/comments?post=421"}],"version-history":[{"count":4,"href":"https:\/\/www.rivera.gub.uy\/social\/wp-json\/wp\/v2\/posts\/421\/revisions"}],"predecessor-version":[{"id":608,"href":"https:\/\/www.rivera.gub.uy\/social\/wp-json\/wp\/v2\/posts\/421\/revisions\/608"}],"wp:featuredmedia":[{"embeddable":true,"href":"https:\/\/www.rivera.gub.uy\/social\/wp-json\/wp\/v2\/media\/422"}],"wp:attachment":[{"href":"https:\/\/www.rivera.gub.uy\/social\/wp-json\/wp\/v2\/media?parent=421"}],"wp:term":[{"taxonomy":"category","embeddable":true,"href":"https:\/\/www.rivera.gub.uy\/social\/wp-json\/wp\/v2\/categories?post=421"},{"taxonomy":"post_tag","embeddable":true,"href":"https:\/\/www.rivera.gub.uy\/social\/wp-json\/wp\/v2\/tags?post=421"}],"curies":[{"name":"wp","href":"https:\/\/api.w.org\/{rel}","templated":true}]}}