{"id":4211,"date":"2018-10-22T15:44:14","date_gmt":"2018-10-22T15:44:14","guid":{"rendered":"http:\/\/rivera.gub.uy\/social\/?p=4211"},"modified":"2018-10-22T15:44:14","modified_gmt":"2018-10-22T15:44:14","slug":"final-de-campeonato-de-futbol-infantil-de-barrios","status":"publish","type":"post","link":"https:\/\/www.rivera.gub.uy\/social\/final-de-campeonato-de-futbol-infantil-de-barrios\/","title":{"rendered":"Final de Campeonato de F\u00fatbol infantil de Barrios."},"content":{"rendered":"<p>El pasado s\u00e1bado se disput\u00f3 la \u00faltima fecha de la categor\u00eda sub 14 en las canchas del Polideportivo Don Bosco.<br \/>\n1\u00ba &#8211; Barrio Saavedra<br \/>\n2\u00ba &#8211; Barrio Santa Isabel<br \/>\n3\u00ba &#8211; Barrio Misiones<span class=\"gmail-text_exposed_show\"><br \/>\n4\u00ba &#8211; Barrio Rampla<\/span><\/p>\n<div><\/div>\n<div>https:\/\/youtu.be\/k5N3eGM16TM<\/div>\n<div><\/div>\n<div><img loading=\"lazy\" decoding=\"async\" class=\"alignnone size-medium wp-image-4213\" src=\"http:\/\/rivera.gub.uy\/social\/wp-content\/uploads\/2018\/10\/44511024_2122851601099879_2713334568361918464_n-300x200.jpg\" alt=\"\" width=\"300\" height=\"200\" srcset=\"https:\/\/www.rivera.gub.uy\/social\/wp-content\/uploads\/2018\/10\/44511024_2122851601099879_2713334568361918464_n-300x200.jpg 300w, https:\/\/www.rivera.gub.uy\/social\/wp-content\/uploads\/2018\/10\/44511024_2122851601099879_2713334568361918464_n-768x512.jpg 768w, https:\/\/www.rivera.gub.uy\/social\/wp-content\/uploads\/2018\/10\/44511024_2122851601099879_2713334568361918464_n-600x400.jpg 600w, https:\/\/www.rivera.gub.uy\/social\/wp-content\/uploads\/2018\/10\/44511024_2122851601099879_2713334568361918464_n-820x547.jpg 820w, https:\/\/www.rivera.gub.uy\/social\/wp-content\/uploads\/2018\/10\/44511024_2122851601099879_2713334568361918464_n-272x182.jpg 272w, https:\/\/www.rivera.gub.uy\/social\/wp-content\/uploads\/2018\/10\/44511024_2122851601099879_2713334568361918464_n.jpg 960w\" sizes=\"(max-width: 300px) 100vw, 300px\" \/> <img loading=\"lazy\" decoding=\"async\" class=\"alignnone size-medium wp-image-4214\" src=\"http:\/\/rivera.gub.uy\/social\/wp-content\/uploads\/2018\/10\/44549779_2122833261101713_273983733407678464_n-300x200.jpg\" alt=\"\" width=\"300\" height=\"200\" srcset=\"https:\/\/www.rivera.gub.uy\/social\/wp-content\/uploads\/2018\/10\/44549779_2122833261101713_273983733407678464_n-300x200.jpg 300w, https:\/\/www.rivera.gub.uy\/social\/wp-content\/uploads\/2018\/10\/44549779_2122833261101713_273983733407678464_n-768x512.jpg 768w, https:\/\/www.rivera.gub.uy\/social\/wp-content\/uploads\/2018\/10\/44549779_2122833261101713_273983733407678464_n-600x400.jpg 600w, https:\/\/www.rivera.gub.uy\/social\/wp-content\/uploads\/2018\/10\/44549779_2122833261101713_273983733407678464_n-820x547.jpg 820w, https:\/\/www.rivera.gub.uy\/social\/wp-content\/uploads\/2018\/10\/44549779_2122833261101713_273983733407678464_n-272x182.jpg 272w, https:\/\/www.rivera.gub.uy\/social\/wp-content\/uploads\/2018\/10\/44549779_2122833261101713_273983733407678464_n.jpg 960w\" sizes=\"(max-width: 300px) 100vw, 300px\" \/> <img loading=\"lazy\" decoding=\"async\" class=\"alignnone size-medium wp-image-4215\" src=\"http:\/\/rivera.gub.uy\/social\/wp-content\/uploads\/2018\/10\/44610373_2122851841099855_2605886744452661248_n-300x200.jpg\" alt=\"\" width=\"300\" height=\"200\" srcset=\"https:\/\/www.rivera.gub.uy\/social\/wp-content\/uploads\/2018\/10\/44610373_2122851841099855_2605886744452661248_n-300x200.jpg 300w, https:\/\/www.rivera.gub.uy\/social\/wp-content\/uploads\/2018\/10\/44610373_2122851841099855_2605886744452661248_n-768x512.jpg 768w, https:\/\/www.rivera.gub.uy\/social\/wp-content\/uploads\/2018\/10\/44610373_2122851841099855_2605886744452661248_n-600x400.jpg 600w, https:\/\/www.rivera.gub.uy\/social\/wp-content\/uploads\/2018\/10\/44610373_2122851841099855_2605886744452661248_n-820x547.jpg 820w, https:\/\/www.rivera.gub.uy\/social\/wp-content\/uploads\/2018\/10\/44610373_2122851841099855_2605886744452661248_n-272x182.jpg 272w, https:\/\/www.rivera.gub.uy\/social\/wp-content\/uploads\/2018\/10\/44610373_2122851841099855_2605886744452661248_n.jpg 960w\" sizes=\"(max-width: 300px) 100vw, 300px\" \/> <img loading=\"lazy\" decoding=\"async\" class=\"alignnone size-medium wp-image-4216\" src=\"http:\/\/rivera.gub.uy\/social\/wp-content\/uploads\/2018\/10\/44611092_2122851507766555_5654572118768091136_n-1-300x200.jpg\" alt=\"\" width=\"300\" height=\"200\" srcset=\"https:\/\/www.rivera.gub.uy\/social\/wp-content\/uploads\/2018\/10\/44611092_2122851507766555_5654572118768091136_n-1-300x200.jpg 300w, https:\/\/www.rivera.gub.uy\/social\/wp-content\/uploads\/2018\/10\/44611092_2122851507766555_5654572118768091136_n-1-768x512.jpg 768w, https:\/\/www.rivera.gub.uy\/social\/wp-content\/uploads\/2018\/10\/44611092_2122851507766555_5654572118768091136_n-1-600x400.jpg 600w, https:\/\/www.rivera.gub.uy\/social\/wp-content\/uploads\/2018\/10\/44611092_2122851507766555_5654572118768091136_n-1-820x547.jpg 820w, https:\/\/www.rivera.gub.uy\/social\/wp-content\/uploads\/2018\/10\/44611092_2122851507766555_5654572118768091136_n-1-272x182.jpg 272w, https:\/\/www.rivera.gub.uy\/social\/wp-content\/uploads\/2018\/10\/44611092_2122851507766555_5654572118768091136_n-1.jpg 960w\" sizes=\"(max-width: 300px) 100vw, 300px\" \/> <img loading=\"lazy\" decoding=\"async\" class=\"alignnone size-medium wp-image-4217\" src=\"http:\/\/rivera.gub.uy\/social\/wp-content\/uploads\/2018\/10\/44643401_2122858837765822_4440552320668794880_n-300x200.jpg\" alt=\"\" width=\"300\" height=\"200\" srcset=\"https:\/\/www.rivera.gub.uy\/social\/wp-content\/uploads\/2018\/10\/44643401_2122858837765822_4440552320668794880_n-300x200.jpg 300w, https:\/\/www.rivera.gub.uy\/social\/wp-content\/uploads\/2018\/10\/44643401_2122858837765822_4440552320668794880_n-768x512.jpg 768w, https:\/\/www.rivera.gub.uy\/social\/wp-content\/uploads\/2018\/10\/44643401_2122858837765822_4440552320668794880_n-600x400.jpg 600w, https:\/\/www.rivera.gub.uy\/social\/wp-content\/uploads\/2018\/10\/44643401_2122858837765822_4440552320668794880_n-820x547.jpg 820w, https:\/\/www.rivera.gub.uy\/social\/wp-content\/uploads\/2018\/10\/44643401_2122858837765822_4440552320668794880_n-272x182.jpg 272w, https:\/\/www.rivera.gub.uy\/social\/wp-content\/uploads\/2018\/10\/44643401_2122858837765822_4440552320668794880_n.jpg 960w\" sizes=\"(max-width: 300px) 100vw, 300px\" \/> <img loading=\"lazy\" decoding=\"async\" class=\"alignnone size-medium wp-image-4218\" src=\"http:\/\/rivera.gub.uy\/social\/wp-content\/uploads\/2018\/10\/44659286_2122846581100381_2765593552871227392_n-300x200.jpg\" alt=\"\" width=\"300\" height=\"200\" srcset=\"https:\/\/www.rivera.gub.uy\/social\/wp-content\/uploads\/2018\/10\/44659286_2122846581100381_2765593552871227392_n-300x200.jpg 300w, https:\/\/www.rivera.gub.uy\/social\/wp-content\/uploads\/2018\/10\/44659286_2122846581100381_2765593552871227392_n-768x512.jpg 768w, https:\/\/www.rivera.gub.uy\/social\/wp-content\/uploads\/2018\/10\/44659286_2122846581100381_2765593552871227392_n-600x400.jpg 600w, https:\/\/www.rivera.gub.uy\/social\/wp-content\/uploads\/2018\/10\/44659286_2122846581100381_2765593552871227392_n-820x547.jpg 820w, https:\/\/www.rivera.gub.uy\/social\/wp-content\/uploads\/2018\/10\/44659286_2122846581100381_2765593552871227392_n-272x182.jpg 272w, https:\/\/www.rivera.gub.uy\/social\/wp-content\/uploads\/2018\/10\/44659286_2122846581100381_2765593552871227392_n.jpg 960w\" sizes=\"(max-width: 300px) 100vw, 300px\" \/> <img loading=\"lazy\" decoding=\"async\" class=\"alignnone size-medium wp-image-4219\" src=\"http:\/\/rivera.gub.uy\/social\/wp-content\/uploads\/2018\/10\/44726410_2122846494433723_9002228169398288384_n-300x200.jpg\" alt=\"\" width=\"300\" height=\"200\" srcset=\"https:\/\/www.rivera.gub.uy\/social\/wp-content\/uploads\/2018\/10\/44726410_2122846494433723_9002228169398288384_n-300x200.jpg 300w, https:\/\/www.rivera.gub.uy\/social\/wp-content\/uploads\/2018\/10\/44726410_2122846494433723_9002228169398288384_n-768x512.jpg 768w, https:\/\/www.rivera.gub.uy\/social\/wp-content\/uploads\/2018\/10\/44726410_2122846494433723_9002228169398288384_n-600x400.jpg 600w, https:\/\/www.rivera.gub.uy\/social\/wp-content\/uploads\/2018\/10\/44726410_2122846494433723_9002228169398288384_n-820x547.jpg 820w, https:\/\/www.rivera.gub.uy\/social\/wp-content\/uploads\/2018\/10\/44726410_2122846494433723_9002228169398288384_n-272x182.jpg 272w, https:\/\/www.rivera.gub.uy\/social\/wp-content\/uploads\/2018\/10\/44726410_2122846494433723_9002228169398288384_n.jpg 960w\" sizes=\"(max-width: 300px) 100vw, 300px\" \/> <img loading=\"lazy\" decoding=\"async\" class=\"alignnone size-medium wp-image-4220\" src=\"http:\/\/rivera.gub.uy\/social\/wp-content\/uploads\/2018\/10\/44735435_2122852001099839_7702335284809039872_n-300x200.jpg\" alt=\"\" width=\"300\" height=\"200\" srcset=\"https:\/\/www.rivera.gub.uy\/social\/wp-content\/uploads\/2018\/10\/44735435_2122852001099839_7702335284809039872_n-300x200.jpg 300w, https:\/\/www.rivera.gub.uy\/social\/wp-content\/uploads\/2018\/10\/44735435_2122852001099839_7702335284809039872_n-768x512.jpg 768w, https:\/\/www.rivera.gub.uy\/social\/wp-content\/uploads\/2018\/10\/44735435_2122852001099839_7702335284809039872_n-600x400.jpg 600w, https:\/\/www.rivera.gub.uy\/social\/wp-content\/uploads\/2018\/10\/44735435_2122852001099839_7702335284809039872_n-820x547.jpg 820w, https:\/\/www.rivera.gub.uy\/social\/wp-content\/uploads\/2018\/10\/44735435_2122852001099839_7702335284809039872_n-272x182.jpg 272w, https:\/\/www.rivera.gub.uy\/social\/wp-content\/uploads\/2018\/10\/44735435_2122852001099839_7702335284809039872_n.jpg 960w\" sizes=\"(max-width: 300px) 100vw, 300px\" \/> <img loading=\"lazy\" decoding=\"async\" class=\"alignnone size-medium wp-image-4221\" src=\"http:\/\/rivera.gub.uy\/social\/wp-content\/uploads\/2018\/10\/44782605_2122833691101670_7129096221834084352_n-1-300x200.jpg\" alt=\"\" width=\"300\" height=\"200\" srcset=\"https:\/\/www.rivera.gub.uy\/social\/wp-content\/uploads\/2018\/10\/44782605_2122833691101670_7129096221834084352_n-1-300x200.jpg 300w, https:\/\/www.rivera.gub.uy\/social\/wp-content\/uploads\/2018\/10\/44782605_2122833691101670_7129096221834084352_n-1-768x512.jpg 768w, https:\/\/www.rivera.gub.uy\/social\/wp-content\/uploads\/2018\/10\/44782605_2122833691101670_7129096221834084352_n-1-600x400.jpg 600w, https:\/\/www.rivera.gub.uy\/social\/wp-content\/uploads\/2018\/10\/44782605_2122833691101670_7129096221834084352_n-1-820x547.jpg 820w, https:\/\/www.rivera.gub.uy\/social\/wp-content\/uploads\/2018\/10\/44782605_2122833691101670_7129096221834084352_n-1-272x182.jpg 272w, https:\/\/www.rivera.gub.uy\/social\/wp-content\/uploads\/2018\/10\/44782605_2122833691101670_7129096221834084352_n-1.jpg 960w\" sizes=\"(max-width: 300px) 100vw, 300px\" \/><\/div>\n","protected":false},"excerpt":{"rendered":"<p>El pasado s\u00e1bado se disput\u00f3 la \u00faltima fecha de la categor\u00eda sub 14 en las canchas del Polideportivo Don Bosco. 1\u00ba &#8211; Barrio Saavedra 2\u00ba &#8211; Barrio Santa Isabel 3\u00ba &#8211; Barrio Misiones 4\u00ba &#8211; Barrio Rampla https:\/\/youtu.be\/k5N3eGM16TM<\/p>\n","protected":false},"author":4,"featured_media":4212,"comment_status":"open","ping_status":"open","sticky":false,"template":"","format":"standard","meta":{"footnotes":""},"categories":[6,8,5,1,7,9],"tags":[],"_links":{"self":[{"href":"https:\/\/www.rivera.gub.uy\/social\/wp-json\/wp\/v2\/posts\/4211"}],"collection":[{"href":"https:\/\/www.rivera.gub.uy\/social\/wp-json\/wp\/v2\/posts"}],"about":[{"href":"https:\/\/www.rivera.gub.uy\/social\/wp-json\/wp\/v2\/types\/post"}],"author":[{"embeddable":true,"href":"https:\/\/www.rivera.gub.uy\/social\/wp-json\/wp\/v2\/users\/4"}],"replies":[{"embeddable":true,"href":"https:\/\/www.rivera.gub.uy\/social\/wp-json\/wp\/v2\/comments?post=4211"}],"version-history":[{"count":1,"href":"https:\/\/www.rivera.gub.uy\/social\/wp-json\/wp\/v2\/posts\/4211\/revisions"}],"predecessor-version":[{"id":4222,"href":"https:\/\/www.rivera.gub.uy\/social\/wp-json\/wp\/v2\/posts\/4211\/revisions\/4222"}],"wp:featuredmedia":[{"embeddable":true,"href":"https:\/\/www.rivera.gub.uy\/social\/wp-json\/wp\/v2\/media\/4212"}],"wp:attachment":[{"href":"https:\/\/www.rivera.gub.uy\/social\/wp-json\/wp\/v2\/media?parent=4211"}],"wp:term":[{"taxonomy":"category","embeddable":true,"href":"https:\/\/www.rivera.gub.uy\/social\/wp-json\/wp\/v2\/categories?post=4211"},{"taxonomy":"post_tag","embeddable":true,"href":"https:\/\/www.rivera.gub.uy\/social\/wp-json\/wp\/v2\/tags?post=4211"}],"curies":[{"name":"wp","href":"https:\/\/api.w.org\/{rel}","templated":true}]}}