{"id":4225,"date":"2018-10-23T15:34:49","date_gmt":"2018-10-23T15:34:49","guid":{"rendered":"http:\/\/rivera.gub.uy\/social\/?p=4225"},"modified":"2018-10-23T15:34:49","modified_gmt":"2018-10-23T15:34:49","slug":"comienza-el-campeonato-de-futbol-femenino-escolar-2018","status":"publish","type":"post","link":"https:\/\/www.rivera.gub.uy\/social\/comienza-el-campeonato-de-futbol-femenino-escolar-2018\/","title":{"rendered":"Comienza el Campeonato de F\u00fatbol Femenino Escolar 2018."},"content":{"rendered":"<div class=\"\">\n<div class=\"_1mf _1mj\">Desde ma\u00f1ana mi\u00e9rcoles 24 de octubre, aproximadamente 500 ni\u00f1as de 24 Escuelas de Rivera, se encuentran para disputar la sexta edici\u00f3n del \u00fanico Campeonato de F\u00fatbol Femenino Escolar del pa\u00eds.<\/div>\n<\/div>\n<div class=\"\">\n<div class=\"_1mf _1mj\"><span>El mismo es organizado por CEIP (Consejo de Educaci\u00f3n Inicial y Primaria) y Divisi\u00f3n Deportes. <\/span><\/div>\n<\/div>\n<div class=\"\">\n<div class=\"_1mf _1mj\"><span>Los encuentros ser\u00e1n en tres sedes, mi\u00e9rcoles 24 en La Estiba, jueves 25 en Hurac\u00e1n y el lunes 29 en Don Bosco (sujeto a modificaciones por inclemencias del tiempo). <\/span><\/div>\n<\/div>\n<div class=\"\">\n<div class=\"_1mf _1mj\"><span>Los partidos comenzar\u00e1n a la hora 9:00 y se extender\u00e1n durante la ma\u00f1ana y tarde.<\/span><\/div>\n<\/div>\n","protected":false},"excerpt":{"rendered":"<p>Desde ma\u00f1ana mi\u00e9rcoles 24 de octubre, aproximadamente 500 ni\u00f1as de 24 Escuelas de Rivera, se encuentran para disputar la sexta edici\u00f3n del \u00fanico Campeonato de F\u00fatbol Femenino Escolar del pa\u00eds. El mismo es organizado por CEIP (Consejo de Educaci\u00f3n Inicial y Primaria) y Divisi\u00f3n Deportes. Los encuentros ser\u00e1n en tres sedes, mi\u00e9rcoles 24 en La [&hellip;]<\/p>\n","protected":false},"author":4,"featured_media":4226,"comment_status":"open","ping_status":"open","sticky":false,"template":"","format":"standard","meta":{"footnotes":""},"categories":[6,8,5,1,7,9],"tags":[],"_links":{"self":[{"href":"https:\/\/www.rivera.gub.uy\/social\/wp-json\/wp\/v2\/posts\/4225"}],"collection":[{"href":"https:\/\/www.rivera.gub.uy\/social\/wp-json\/wp\/v2\/posts"}],"about":[{"href":"https:\/\/www.rivera.gub.uy\/social\/wp-json\/wp\/v2\/types\/post"}],"author":[{"embeddable":true,"href":"https:\/\/www.rivera.gub.uy\/social\/wp-json\/wp\/v2\/users\/4"}],"replies":[{"embeddable":true,"href":"https:\/\/www.rivera.gub.uy\/social\/wp-json\/wp\/v2\/comments?post=4225"}],"version-history":[{"count":1,"href":"https:\/\/www.rivera.gub.uy\/social\/wp-json\/wp\/v2\/posts\/4225\/revisions"}],"predecessor-version":[{"id":4227,"href":"https:\/\/www.rivera.gub.uy\/social\/wp-json\/wp\/v2\/posts\/4225\/revisions\/4227"}],"wp:featuredmedia":[{"embeddable":true,"href":"https:\/\/www.rivera.gub.uy\/social\/wp-json\/wp\/v2\/media\/4226"}],"wp:attachment":[{"href":"https:\/\/www.rivera.gub.uy\/social\/wp-json\/wp\/v2\/media?parent=4225"}],"wp:term":[{"taxonomy":"category","embeddable":true,"href":"https:\/\/www.rivera.gub.uy\/social\/wp-json\/wp\/v2\/categories?post=4225"},{"taxonomy":"post_tag","embeddable":true,"href":"https:\/\/www.rivera.gub.uy\/social\/wp-json\/wp\/v2\/tags?post=4225"}],"curies":[{"name":"wp","href":"https:\/\/api.w.org\/{rel}","templated":true}]}}