{"id":425,"date":"2017-08-19T02:27:55","date_gmt":"2017-08-19T02:27:55","guid":{"rendered":"http:\/\/rivera.gub.uy\/social\/?p=425"},"modified":"2017-08-22T12:21:21","modified_gmt":"2017-08-22T12:21:21","slug":"dia-internacional-del-folklore-y-dia-del-payador","status":"publish","type":"post","link":"https:\/\/www.rivera.gub.uy\/social\/dia-internacional-del-folklore-y-dia-del-payador\/","title":{"rendered":"\u00abD\u00eda Internacional del Folklore y D\u00eda del Payador\u00bb"},"content":{"rendered":"<p>El mi\u00e9rcoles 23 de agosto, a las 19:30 horas les esperamos en Sala Cultural de ANTEL (Agraciada 333) para celebrar el \u00abD\u00eda Internacional del Folklore y D\u00eda del Payador\u00bb<!--more-->La velada contar\u00e1 con canto folkl\u00f3rico, recitados, payadas y otras atracciones de artistas riverenses e invitados especiales. En esta oportunidad nos acompa\u00f1ar\u00e1n desde Tacuaremb\u00f3,\u00a0Juan ram\u00f3n Torres y desde Montevideo, Miguel \u00c1ngel Olivera. Entrada libre y gratuita. Organiza Divisi\u00f3n Cultura de la Intendencia Departamental de Rivera.<\/p>\n<p><a href=\"http:\/\/rivera.gub.uy\/social\/wp-content\/uploads\/2017\/08\/Invitaci\u00f3nD\u00edadelFolcloreyPayador.jpg\"><img loading=\"lazy\" decoding=\"async\" class=\"aligncenter wp-image-426 size-medium\" src=\"http:\/\/rivera.gub.uy\/social\/wp-content\/uploads\/2017\/08\/Invitaci\u00f3nD\u00edadelFolcloreyPayador-300x300.jpg\" alt=\"\" width=\"300\" height=\"300\" srcset=\"https:\/\/www.rivera.gub.uy\/social\/wp-content\/uploads\/2017\/08\/Invitaci\u00f3nD\u00edadelFolcloreyPayador-300x300.jpg 300w, https:\/\/www.rivera.gub.uy\/social\/wp-content\/uploads\/2017\/08\/Invitaci\u00f3nD\u00edadelFolcloreyPayador-150x150.jpg 150w, https:\/\/www.rivera.gub.uy\/social\/wp-content\/uploads\/2017\/08\/Invitaci\u00f3nD\u00edadelFolcloreyPayador-768x768.jpg 768w, https:\/\/www.rivera.gub.uy\/social\/wp-content\/uploads\/2017\/08\/Invitaci\u00f3nD\u00edadelFolcloreyPayador-820x820.jpg 820w, https:\/\/www.rivera.gub.uy\/social\/wp-content\/uploads\/2017\/08\/Invitaci\u00f3nD\u00edadelFolcloreyPayador.jpg 864w\" sizes=\"(max-width: 300px) 100vw, 300px\" \/><\/a><\/p>\n","protected":false},"excerpt":{"rendered":"<p>El mi\u00e9rcoles 23 de agosto, a las 19:30 horas les esperamos en Sala Cultural de ANTEL (Agraciada 333) para celebrar el \u00abD\u00eda Internacional del Folklore y D\u00eda del Payador\u00bb<\/p>\n","protected":false},"author":6,"featured_media":426,"comment_status":"open","ping_status":"open","sticky":false,"template":"","format":"standard","meta":{"footnotes":""},"categories":[8,1],"tags":[58,59,11,63,17],"_links":{"self":[{"href":"https:\/\/www.rivera.gub.uy\/social\/wp-json\/wp\/v2\/posts\/425"}],"collection":[{"href":"https:\/\/www.rivera.gub.uy\/social\/wp-json\/wp\/v2\/posts"}],"about":[{"href":"https:\/\/www.rivera.gub.uy\/social\/wp-json\/wp\/v2\/types\/post"}],"author":[{"embeddable":true,"href":"https:\/\/www.rivera.gub.uy\/social\/wp-json\/wp\/v2\/users\/6"}],"replies":[{"embeddable":true,"href":"https:\/\/www.rivera.gub.uy\/social\/wp-json\/wp\/v2\/comments?post=425"}],"version-history":[{"count":4,"href":"https:\/\/www.rivera.gub.uy\/social\/wp-json\/wp\/v2\/posts\/425\/revisions"}],"predecessor-version":[{"id":606,"href":"https:\/\/www.rivera.gub.uy\/social\/wp-json\/wp\/v2\/posts\/425\/revisions\/606"}],"wp:featuredmedia":[{"embeddable":true,"href":"https:\/\/www.rivera.gub.uy\/social\/wp-json\/wp\/v2\/media\/426"}],"wp:attachment":[{"href":"https:\/\/www.rivera.gub.uy\/social\/wp-json\/wp\/v2\/media?parent=425"}],"wp:term":[{"taxonomy":"category","embeddable":true,"href":"https:\/\/www.rivera.gub.uy\/social\/wp-json\/wp\/v2\/categories?post=425"},{"taxonomy":"post_tag","embeddable":true,"href":"https:\/\/www.rivera.gub.uy\/social\/wp-json\/wp\/v2\/tags?post=425"}],"curies":[{"name":"wp","href":"https:\/\/api.w.org\/{rel}","templated":true}]}}