{"id":4253,"date":"2018-10-30T14:13:20","date_gmt":"2018-10-30T14:13:20","guid":{"rendered":"http:\/\/rivera.gub.uy\/social\/?p=4253"},"modified":"2018-10-30T14:13:20","modified_gmt":"2018-10-30T14:13:20","slug":"5o-choriceva","status":"publish","type":"post","link":"https:\/\/www.rivera.gub.uy\/social\/5o-choriceva\/","title":{"rendered":"5\u00ba ChoriCeva"},"content":{"rendered":"<h3 style=\"text-align: left\">Desde 2016 el ChoriCeva viene avanzando en crecimiento de expositores, tanto de restaurantes con chorizos gourmet, as\u00ed como productores de cervezas artesanales y concurrencia de p\u00fablico. En esta 5\u00aa edici\u00f3n, ser\u00e1 el primer a\u00f1o que se extender\u00e1 a 2 d\u00edas, del 2 y 3 de noviembre en la Plaza Internacional de 18:00 a 24:00 hs.<\/h3>\n<p><img loading=\"lazy\" decoding=\"async\" class=\"alignnone size-medium wp-image-4256\" src=\"http:\/\/rivera.gub.uy\/social\/wp-content\/uploads\/2018\/10\/WhatsApp-Image-2018-10-30-at-09.43.14-1-300x271.jpeg\" alt=\"\" width=\"300\" height=\"271\" srcset=\"https:\/\/www.rivera.gub.uy\/social\/wp-content\/uploads\/2018\/10\/WhatsApp-Image-2018-10-30-at-09.43.14-1-300x271.jpeg 300w, https:\/\/www.rivera.gub.uy\/social\/wp-content\/uploads\/2018\/10\/WhatsApp-Image-2018-10-30-at-09.43.14-1-768x693.jpeg 768w, https:\/\/www.rivera.gub.uy\/social\/wp-content\/uploads\/2018\/10\/WhatsApp-Image-2018-10-30-at-09.43.14-1-820x740.jpeg 820w, https:\/\/www.rivera.gub.uy\/social\/wp-content\/uploads\/2018\/10\/WhatsApp-Image-2018-10-30-at-09.43.14-1.jpeg 940w\" sizes=\"(max-width: 300px) 100vw, 300px\" \/>\u00a0 \u00a0\u00a0 <img loading=\"lazy\" decoding=\"async\" class=\"alignnone  wp-image-4255\" src=\"http:\/\/rivera.gub.uy\/social\/wp-content\/uploads\/2018\/10\/WhatsApp-Image-2018-10-30-at-09.43.14-300x271.jpeg\" alt=\"\" width=\"300\" height=\"271\" srcset=\"https:\/\/www.rivera.gub.uy\/social\/wp-content\/uploads\/2018\/10\/WhatsApp-Image-2018-10-30-at-09.43.14-300x271.jpeg 300w, https:\/\/www.rivera.gub.uy\/social\/wp-content\/uploads\/2018\/10\/WhatsApp-Image-2018-10-30-at-09.43.14-768x693.jpeg 768w, https:\/\/www.rivera.gub.uy\/social\/wp-content\/uploads\/2018\/10\/WhatsApp-Image-2018-10-30-at-09.43.14-820x740.jpeg 820w, https:\/\/www.rivera.gub.uy\/social\/wp-content\/uploads\/2018\/10\/WhatsApp-Image-2018-10-30-at-09.43.14.jpeg 938w\" sizes=\"(max-width: 300px) 100vw, 300px\" \/><\/p>\n","protected":false},"excerpt":{"rendered":"<p>Desde 2016 el ChoriCeva viene avanzando en crecimiento de expositores, tanto de restaurantes con chorizos gourmet, as\u00ed como productores de cervezas artesanales y concurrencia de p\u00fablico. En esta 5\u00aa edici\u00f3n, ser\u00e1 el primer a\u00f1o que se extender\u00e1 a 2 d\u00edas, del 2 y 3 de noviembre en la Plaza Internacional de 18:00 a 24:00 hs. [&hellip;]<\/p>\n","protected":false},"author":3,"featured_media":4254,"comment_status":"open","ping_status":"open","sticky":false,"template":"","format":"standard","meta":{"footnotes":""},"categories":[1,7,9],"tags":[230,229,228,112,206,145,231],"_links":{"self":[{"href":"https:\/\/www.rivera.gub.uy\/social\/wp-json\/wp\/v2\/posts\/4253"}],"collection":[{"href":"https:\/\/www.rivera.gub.uy\/social\/wp-json\/wp\/v2\/posts"}],"about":[{"href":"https:\/\/www.rivera.gub.uy\/social\/wp-json\/wp\/v2\/types\/post"}],"author":[{"embeddable":true,"href":"https:\/\/www.rivera.gub.uy\/social\/wp-json\/wp\/v2\/users\/3"}],"replies":[{"embeddable":true,"href":"https:\/\/www.rivera.gub.uy\/social\/wp-json\/wp\/v2\/comments?post=4253"}],"version-history":[{"count":3,"href":"https:\/\/www.rivera.gub.uy\/social\/wp-json\/wp\/v2\/posts\/4253\/revisions"}],"predecessor-version":[{"id":4259,"href":"https:\/\/www.rivera.gub.uy\/social\/wp-json\/wp\/v2\/posts\/4253\/revisions\/4259"}],"wp:featuredmedia":[{"embeddable":true,"href":"https:\/\/www.rivera.gub.uy\/social\/wp-json\/wp\/v2\/media\/4254"}],"wp:attachment":[{"href":"https:\/\/www.rivera.gub.uy\/social\/wp-json\/wp\/v2\/media?parent=4253"}],"wp:term":[{"taxonomy":"category","embeddable":true,"href":"https:\/\/www.rivera.gub.uy\/social\/wp-json\/wp\/v2\/categories?post=4253"},{"taxonomy":"post_tag","embeddable":true,"href":"https:\/\/www.rivera.gub.uy\/social\/wp-json\/wp\/v2\/tags?post=4253"}],"curies":[{"name":"wp","href":"https:\/\/api.w.org\/{rel}","templated":true}]}}