{"id":4264,"date":"2018-11-01T12:23:54","date_gmt":"2018-11-01T12:23:54","guid":{"rendered":"http:\/\/rivera.gub.uy\/social\/?p=4264"},"modified":"2018-11-01T12:23:54","modified_gmt":"2018-11-01T12:23:54","slug":"carnaval-2019-6","status":"publish","type":"post","link":"https:\/\/www.rivera.gub.uy\/social\/carnaval-2019-6\/","title":{"rendered":"Carnaval 2019"},"content":{"rendered":"<h2>El Director de Turismo se reuni\u00f3 con la Comisi\u00f3n de Carnaval, para definir los \u00faltimos detalles del desfile y tablados para el Carnaval 2019<\/h2>\n","protected":false},"excerpt":{"rendered":"<p>El Director de Turismo se reuni\u00f3 con la Comisi\u00f3n de Carnaval, para definir los \u00faltimos detalles del desfile y tablados para el Carnaval 2019<\/p>\n","protected":false},"author":3,"featured_media":4265,"comment_status":"open","ping_status":"open","sticky":false,"template":"","format":"standard","meta":{"footnotes":""},"categories":[1,9],"tags":[150,167,210,207,226,186,17,209],"_links":{"self":[{"href":"https:\/\/www.rivera.gub.uy\/social\/wp-json\/wp\/v2\/posts\/4264"}],"collection":[{"href":"https:\/\/www.rivera.gub.uy\/social\/wp-json\/wp\/v2\/posts"}],"about":[{"href":"https:\/\/www.rivera.gub.uy\/social\/wp-json\/wp\/v2\/types\/post"}],"author":[{"embeddable":true,"href":"https:\/\/www.rivera.gub.uy\/social\/wp-json\/wp\/v2\/users\/3"}],"replies":[{"embeddable":true,"href":"https:\/\/www.rivera.gub.uy\/social\/wp-json\/wp\/v2\/comments?post=4264"}],"version-history":[{"count":2,"href":"https:\/\/www.rivera.gub.uy\/social\/wp-json\/wp\/v2\/posts\/4264\/revisions"}],"predecessor-version":[{"id":4267,"href":"https:\/\/www.rivera.gub.uy\/social\/wp-json\/wp\/v2\/posts\/4264\/revisions\/4267"}],"wp:featuredmedia":[{"embeddable":true,"href":"https:\/\/www.rivera.gub.uy\/social\/wp-json\/wp\/v2\/media\/4265"}],"wp:attachment":[{"href":"https:\/\/www.rivera.gub.uy\/social\/wp-json\/wp\/v2\/media?parent=4264"}],"wp:term":[{"taxonomy":"category","embeddable":true,"href":"https:\/\/www.rivera.gub.uy\/social\/wp-json\/wp\/v2\/categories?post=4264"},{"taxonomy":"post_tag","embeddable":true,"href":"https:\/\/www.rivera.gub.uy\/social\/wp-json\/wp\/v2\/tags?post=4264"}],"curies":[{"name":"wp","href":"https:\/\/api.w.org\/{rel}","templated":true}]}}