{"id":4463,"date":"2018-11-06T16:17:14","date_gmt":"2018-11-06T16:17:14","guid":{"rendered":"https:\/\/rivera.gub.uy\/social\/?p=4463"},"modified":"2018-11-06T16:17:14","modified_gmt":"2018-11-06T16:17:14","slug":"5o-festival-enogastronomia","status":"publish","type":"post","link":"https:\/\/www.rivera.gub.uy\/social\/5o-festival-enogastronomia\/","title":{"rendered":"5\u00ba Festival Enogastronom\u00eda"},"content":{"rendered":"<h2>\u00a0El d\u00eda de hoy, comenz\u00f3 el 5\u00ba Festival Binacional de Enogastronom\u00eda. A continuaci\u00f3n programaci\u00f3n del d\u00eda 06 y 07 de noviembre.<\/h2>\n<p><img loading=\"lazy\" decoding=\"async\" class=\"alignnone size-medium wp-image-4465\" src=\"https:\/\/rivera.gub.uy\/social\/wp-content\/uploads\/2018\/11\/WhatsApp-Image-2018-10-30-at-09.42.17-231x300.jpeg\" alt=\"\" width=\"231\" height=\"300\" srcset=\"https:\/\/www.rivera.gub.uy\/social\/wp-content\/uploads\/2018\/11\/WhatsApp-Image-2018-10-30-at-09.42.17-231x300.jpeg 231w, https:\/\/www.rivera.gub.uy\/social\/wp-content\/uploads\/2018\/11\/WhatsApp-Image-2018-10-30-at-09.42.17-768x996.jpeg 768w, https:\/\/www.rivera.gub.uy\/social\/wp-content\/uploads\/2018\/11\/WhatsApp-Image-2018-10-30-at-09.42.17-790x1024.jpeg 790w, https:\/\/www.rivera.gub.uy\/social\/wp-content\/uploads\/2018\/11\/WhatsApp-Image-2018-10-30-at-09.42.17-820x1063.jpeg 820w, https:\/\/www.rivera.gub.uy\/social\/wp-content\/uploads\/2018\/11\/WhatsApp-Image-2018-10-30-at-09.42.17.jpeg 987w\" sizes=\"(max-width: 231px) 100vw, 231px\" \/>\u00a0 \u00a0<img loading=\"lazy\" decoding=\"async\" class=\"alignnone size-medium wp-image-4464\" src=\"https:\/\/rivera.gub.uy\/social\/wp-content\/uploads\/2018\/11\/WhatsApp-Image-2018-10-30-at-09.42.16-200x300.jpeg\" alt=\"\" width=\"200\" height=\"300\" srcset=\"https:\/\/www.rivera.gub.uy\/social\/wp-content\/uploads\/2018\/11\/WhatsApp-Image-2018-10-30-at-09.42.16-200x300.jpeg 200w, https:\/\/www.rivera.gub.uy\/social\/wp-content\/uploads\/2018\/11\/WhatsApp-Image-2018-10-30-at-09.42.16-768x1151.jpeg 768w, https:\/\/www.rivera.gub.uy\/social\/wp-content\/uploads\/2018\/11\/WhatsApp-Image-2018-10-30-at-09.42.16-683x1024.jpeg 683w, https:\/\/www.rivera.gub.uy\/social\/wp-content\/uploads\/2018\/11\/WhatsApp-Image-2018-10-30-at-09.42.16-820x1229.jpeg 820w, https:\/\/www.rivera.gub.uy\/social\/wp-content\/uploads\/2018\/11\/WhatsApp-Image-2018-10-30-at-09.42.16.jpeg 854w\" sizes=\"(max-width: 200px) 100vw, 200px\" \/><\/p>\n","protected":false},"excerpt":{"rendered":"<p>\u00a0El d\u00eda de hoy, comenz\u00f3 el 5\u00ba Festival Binacional de Enogastronom\u00eda. A continuaci\u00f3n programaci\u00f3n del d\u00eda 06 y 07 de noviembre. \u00a0 \u00a0<\/p>\n","protected":false},"author":3,"featured_media":4466,"comment_status":"open","ping_status":"open","sticky":false,"template":"","format":"standard","meta":{"footnotes":""},"categories":[8,1,7,9],"tags":[217,236,186,145,17,234,185],"_links":{"self":[{"href":"https:\/\/www.rivera.gub.uy\/social\/wp-json\/wp\/v2\/posts\/4463"}],"collection":[{"href":"https:\/\/www.rivera.gub.uy\/social\/wp-json\/wp\/v2\/posts"}],"about":[{"href":"https:\/\/www.rivera.gub.uy\/social\/wp-json\/wp\/v2\/types\/post"}],"author":[{"embeddable":true,"href":"https:\/\/www.rivera.gub.uy\/social\/wp-json\/wp\/v2\/users\/3"}],"replies":[{"embeddable":true,"href":"https:\/\/www.rivera.gub.uy\/social\/wp-json\/wp\/v2\/comments?post=4463"}],"version-history":[{"count":1,"href":"https:\/\/www.rivera.gub.uy\/social\/wp-json\/wp\/v2\/posts\/4463\/revisions"}],"predecessor-version":[{"id":4467,"href":"https:\/\/www.rivera.gub.uy\/social\/wp-json\/wp\/v2\/posts\/4463\/revisions\/4467"}],"wp:featuredmedia":[{"embeddable":true,"href":"https:\/\/www.rivera.gub.uy\/social\/wp-json\/wp\/v2\/media\/4466"}],"wp:attachment":[{"href":"https:\/\/www.rivera.gub.uy\/social\/wp-json\/wp\/v2\/media?parent=4463"}],"wp:term":[{"taxonomy":"category","embeddable":true,"href":"https:\/\/www.rivera.gub.uy\/social\/wp-json\/wp\/v2\/categories?post=4463"},{"taxonomy":"post_tag","embeddable":true,"href":"https:\/\/www.rivera.gub.uy\/social\/wp-json\/wp\/v2\/tags?post=4463"}],"curies":[{"name":"wp","href":"https:\/\/api.w.org\/{rel}","templated":true}]}}