{"id":4486,"date":"2018-11-08T14:05:02","date_gmt":"2018-11-08T14:05:02","guid":{"rendered":"https:\/\/rivera.gub.uy\/social\/?p=4486"},"modified":"2018-11-09T15:23:06","modified_gmt":"2018-11-09T15:23:06","slug":"5o-festival-binacional-de-enogastronomia","status":"publish","type":"post","link":"https:\/\/www.rivera.gub.uy\/social\/5o-festival-binacional-de-enogastronomia\/","title":{"rendered":"5\u00ba Festival Binacional de Enogastronom\u00eda"},"content":{"rendered":"<h3>Programaci\u00f3n del d\u00eda 08 noviembre, muestra de cine, cultura y alimentaci\u00f3n, en el marco del 5\u00ba Festival Binacional de Enogastronom\u00eda.<\/h3>\n<p>Por mas informaci\u00f3n, ingresar en la pagina www.festivalbinacionalenogastronomia.com<\/p>\n<p><!--more--><\/p>\n<p><img loading=\"lazy\" decoding=\"async\" class=\"alignnone size-medium wp-image-4490\" src=\"https:\/\/rivera.gub.uy\/social\/wp-content\/uploads\/2018\/11\/IMG_7107-207x300.jpg\" alt=\"\" width=\"207\" height=\"300\" srcset=\"https:\/\/www.rivera.gub.uy\/social\/wp-content\/uploads\/2018\/11\/IMG_7107-207x300.jpg 207w, https:\/\/www.rivera.gub.uy\/social\/wp-content\/uploads\/2018\/11\/IMG_7107-768x1115.jpg 768w, https:\/\/www.rivera.gub.uy\/social\/wp-content\/uploads\/2018\/11\/IMG_7107-705x1024.jpg 705w, https:\/\/www.rivera.gub.uy\/social\/wp-content\/uploads\/2018\/11\/IMG_7107-820x1191.jpg 820w, https:\/\/www.rivera.gub.uy\/social\/wp-content\/uploads\/2018\/11\/IMG_7107.jpg 951w\" sizes=\"(max-width: 207px) 100vw, 207px\" \/>\u00a0<img loading=\"lazy\" decoding=\"async\" class=\"alignnone size-medium wp-image-4488\" src=\"https:\/\/rivera.gub.uy\/social\/wp-content\/uploads\/2018\/11\/IMG_7105-300x300.jpg\" alt=\"\" width=\"300\" height=\"300\" srcset=\"https:\/\/www.rivera.gub.uy\/social\/wp-content\/uploads\/2018\/11\/IMG_7105-300x300.jpg 300w, https:\/\/www.rivera.gub.uy\/social\/wp-content\/uploads\/2018\/11\/IMG_7105-150x150.jpg 150w, https:\/\/www.rivera.gub.uy\/social\/wp-content\/uploads\/2018\/11\/IMG_7105-768x768.jpg 768w, https:\/\/www.rivera.gub.uy\/social\/wp-content\/uploads\/2018\/11\/IMG_7105-1024x1024.jpg 1024w, https:\/\/www.rivera.gub.uy\/social\/wp-content\/uploads\/2018\/11\/IMG_7105-820x820.jpg 820w, https:\/\/www.rivera.gub.uy\/social\/wp-content\/uploads\/2018\/11\/IMG_7105.jpg 2048w\" sizes=\"(max-width: 300px) 100vw, 300px\" \/> <img loading=\"lazy\" decoding=\"async\" class=\"alignnone size-medium wp-image-4489\" src=\"https:\/\/rivera.gub.uy\/social\/wp-content\/uploads\/2018\/11\/IMG_7106-205x300.jpg\" alt=\"\" width=\"205\" height=\"300\" srcset=\"https:\/\/www.rivera.gub.uy\/social\/wp-content\/uploads\/2018\/11\/IMG_7106-205x300.jpg 205w, https:\/\/www.rivera.gub.uy\/social\/wp-content\/uploads\/2018\/11\/IMG_7106-768x1122.jpg 768w, https:\/\/www.rivera.gub.uy\/social\/wp-content\/uploads\/2018\/11\/IMG_7106-701x1024.jpg 701w, https:\/\/www.rivera.gub.uy\/social\/wp-content\/uploads\/2018\/11\/IMG_7106-820x1198.jpg 820w, https:\/\/www.rivera.gub.uy\/social\/wp-content\/uploads\/2018\/11\/IMG_7106.jpg 1006w\" sizes=\"(max-width: 205px) 100vw, 205px\" \/><\/p>\n","protected":false},"excerpt":{"rendered":"<p>Programaci\u00f3n del d\u00eda 08 noviembre, muestra de cine, cultura y alimentaci\u00f3n, en el marco del 5\u00ba Festival Binacional de Enogastronom\u00eda. Por mas informaci\u00f3n, ingresar en la pagina www.festivalbinacionalenogastronomia.com<\/p>\n","protected":false},"author":3,"featured_media":4487,"comment_status":"open","ping_status":"open","sticky":false,"template":"","format":"standard","meta":{"footnotes":""},"categories":[8,7,9],"tags":[36,242,241,184,183,186,17,185],"_links":{"self":[{"href":"https:\/\/www.rivera.gub.uy\/social\/wp-json\/wp\/v2\/posts\/4486"}],"collection":[{"href":"https:\/\/www.rivera.gub.uy\/social\/wp-json\/wp\/v2\/posts"}],"about":[{"href":"https:\/\/www.rivera.gub.uy\/social\/wp-json\/wp\/v2\/types\/post"}],"author":[{"embeddable":true,"href":"https:\/\/www.rivera.gub.uy\/social\/wp-json\/wp\/v2\/users\/3"}],"replies":[{"embeddable":true,"href":"https:\/\/www.rivera.gub.uy\/social\/wp-json\/wp\/v2\/comments?post=4486"}],"version-history":[{"count":4,"href":"https:\/\/www.rivera.gub.uy\/social\/wp-json\/wp\/v2\/posts\/4486\/revisions"}],"predecessor-version":[{"id":4517,"href":"https:\/\/www.rivera.gub.uy\/social\/wp-json\/wp\/v2\/posts\/4486\/revisions\/4517"}],"wp:featuredmedia":[{"embeddable":true,"href":"https:\/\/www.rivera.gub.uy\/social\/wp-json\/wp\/v2\/media\/4487"}],"wp:attachment":[{"href":"https:\/\/www.rivera.gub.uy\/social\/wp-json\/wp\/v2\/media?parent=4486"}],"wp:term":[{"taxonomy":"category","embeddable":true,"href":"https:\/\/www.rivera.gub.uy\/social\/wp-json\/wp\/v2\/categories?post=4486"},{"taxonomy":"post_tag","embeddable":true,"href":"https:\/\/www.rivera.gub.uy\/social\/wp-json\/wp\/v2\/tags?post=4486"}],"curies":[{"name":"wp","href":"https:\/\/api.w.org\/{rel}","templated":true}]}}