{"id":4500,"date":"2018-11-09T12:19:39","date_gmt":"2018-11-09T12:19:39","guid":{"rendered":"https:\/\/rivera.gub.uy\/social\/?p=4500"},"modified":"2018-11-09T12:19:46","modified_gmt":"2018-11-09T12:19:46","slug":"sentires","status":"publish","type":"post","link":"https:\/\/www.rivera.gub.uy\/social\/sentires\/","title":{"rendered":"Sentires"},"content":{"rendered":"<p>El 13 de octubre, en el Teatro Municipal, se present\u00f3 la gala \u00abSentires\u00bb del Coro Departamental \u00abVoces de mi ciudad\u00bb, que dirige la Prof Teresita Ribeiro y cuenta con el aporte del Prof. Andr\u00e9s Ib\u00e1\u00f1ez como pianista acompa\u00f1ante.<\/p>\n<div>Canciones mel\u00f3dicas y folcl\u00f3ricas sudamericanas, integraron el repertorio 2018 , lo que el p\u00fablico presente recibi\u00f3 con gran emoci\u00f3n.<\/div>\n<div><\/div>\n<div><\/div>\n","protected":false},"excerpt":{"rendered":"<p>El 13 de octubre, en el Teatro Municipal, se present\u00f3 la gala \u00abSentires\u00bb del Coro Departamental \u00abVoces de mi ciudad\u00bb, que dirige la Prof Teresita Ribeiro y cuenta con el aporte del Prof. Andr\u00e9s Ib\u00e1\u00f1ez como pianista acompa\u00f1ante. Canciones mel\u00f3dicas y folcl\u00f3ricas sudamericanas, integraron el repertorio 2018 , lo que el p\u00fablico presente recibi\u00f3 con [&hellip;]<\/p>\n","protected":false},"author":2,"featured_media":4501,"comment_status":"open","ping_status":"open","sticky":false,"template":"","format":"standard","meta":{"footnotes":""},"categories":[8,1],"tags":[196,58,38,17],"_links":{"self":[{"href":"https:\/\/www.rivera.gub.uy\/social\/wp-json\/wp\/v2\/posts\/4500"}],"collection":[{"href":"https:\/\/www.rivera.gub.uy\/social\/wp-json\/wp\/v2\/posts"}],"about":[{"href":"https:\/\/www.rivera.gub.uy\/social\/wp-json\/wp\/v2\/types\/post"}],"author":[{"embeddable":true,"href":"https:\/\/www.rivera.gub.uy\/social\/wp-json\/wp\/v2\/users\/2"}],"replies":[{"embeddable":true,"href":"https:\/\/www.rivera.gub.uy\/social\/wp-json\/wp\/v2\/comments?post=4500"}],"version-history":[{"count":1,"href":"https:\/\/www.rivera.gub.uy\/social\/wp-json\/wp\/v2\/posts\/4500\/revisions"}],"predecessor-version":[{"id":4502,"href":"https:\/\/www.rivera.gub.uy\/social\/wp-json\/wp\/v2\/posts\/4500\/revisions\/4502"}],"wp:featuredmedia":[{"embeddable":true,"href":"https:\/\/www.rivera.gub.uy\/social\/wp-json\/wp\/v2\/media\/4501"}],"wp:attachment":[{"href":"https:\/\/www.rivera.gub.uy\/social\/wp-json\/wp\/v2\/media?parent=4500"}],"wp:term":[{"taxonomy":"category","embeddable":true,"href":"https:\/\/www.rivera.gub.uy\/social\/wp-json\/wp\/v2\/categories?post=4500"},{"taxonomy":"post_tag","embeddable":true,"href":"https:\/\/www.rivera.gub.uy\/social\/wp-json\/wp\/v2\/tags?post=4500"}],"curies":[{"name":"wp","href":"https:\/\/api.w.org\/{rel}","templated":true}]}}